{"id":438449,"date":"2025-10-04T10:53:19","date_gmt":"2025-10-04T10:53:19","guid":{"rendered":"https:\/\/www.europesays.com\/fr\/438449\/"},"modified":"2025-10-04T10:53:19","modified_gmt":"2025-10-04T10:53:19","slug":"verstappen-confirme-les-progres-de-red-bull-avant-les-qualifs","status":"publish","type":"post","link":"https:\/\/www.europesays.com\/fr\/438449\/","title":{"rendered":"Verstappen confirme les progr\u00e8s de Red Bull avant les qualifs"},"content":{"rendered":"<p>Lors de la premi\u00e8re journ\u00e9e du Grand Prix de Singapour, la premi\u00e8re s\u00e9ance d&rsquo;essais a \u00e9t\u00e9 men\u00e9e par un \u00e9tonnant <a href=\"https:\/\/fr.motorsport.com\/driver\/fernando-alonso\/76096\/\" target=\"_blank\" rel=\"noopener\">Fernando Alonso<\/a>, et la deuxi\u00e8me par un <a href=\"https:\/\/fr.motorsport.com\/driver\/oscar-piastri\/835356\/\" target=\"_blank\" rel=\"noopener\">Oscar Piastri<\/a> au volant d&rsquo;une <a href=\"https:\/\/fr.motorsport.com\/team\/mclaren\/609\/\" target=\"_blank\" rel=\"noopener\">McLaren<\/a> qui a retrouv\u00e9 un peu de sa couleur dans la nuit de Marina Bay.\u00a0<\/p>\n<p>Pour ces troisi\u00e8mes et derniers essais avant les qualifications, la temp\u00e9rature atteignait les 42\u00b0C en piste et les 30\u00b0C dans l&rsquo;air, avec un taux d&rsquo;humidit\u00e9 \u00e0 60%.<\/p>\n<p>Lire aussi :<\/p>\n<p>Les McLaren ont \u00e9t\u00e9 les premi\u00e8res \u00e0 inscrire des chronos comp\u00e9titifs, bien qu&rsquo;encore tr\u00e8s loin du meilleur temps d&rsquo;Oscar Piastri en EL2. Tout le peloton \u00e9tait, \u00e0 ce stade, en gommes mediums, \u00e0 l&rsquo;exception des deux <a href=\"https:\/\/fr.motorsport.com\/team\/williams\/613\/\" target=\"_blank\" rel=\"noopener\">Williams<\/a> en pneus tendres. Apr\u00e8s une dizaine de minutes, <a href=\"https:\/\/fr.motorsport.com\/driver\/max-verstappen\/93029\/\" target=\"_blank\" rel=\"noopener\">Max Verstappen<\/a>, <a href=\"https:\/\/fr.motorsport.com\/driver\/george-russell\/96626\/\" target=\"_blank\" rel=\"noopener\">George Russell<\/a> et <a href=\"https:\/\/fr.motorsport.com\/driver\/kimi-antonelli\/947765\/\" target=\"_blank\" rel=\"noopener\">Kimi Antonelli<\/a> n&rsquo;avaient pas encore pris la piste.<\/p>\n<p>Alors que <a href=\"https:\/\/fr.motorsport.com\/driver\/carlos-sainz-jr\/91450\/\" target=\"_blank\" rel=\"noopener\">Carlos Sainz<\/a> et <a href=\"https:\/\/fr.motorsport.com\/driver\/alexander-albon\/109635\/\" target=\"_blank\" rel=\"noopener\">Alexander Albon<\/a>, munis de leurs gommes \u00e0 flancs rouges, avaient pris les deux premi\u00e8res places,\u00a0<a href=\"https:\/\/fr.motorsport.com\/driver\/lando-norris\/289708\/\" target=\"_blank\" rel=\"noopener\">Lando Norris<\/a> est venu chiper le meilleur temps, toujours en pneus mediums, en 1&rsquo;31&Prime;021. Hier, le Britannique annon\u00e7ait <a href=\"https:\/\/fr.motorsport.com\/f1\/news\/difficulte-norris-deplore-perdu-sensations-2024\/10764558\/\" target=\"_blank\" rel=\"noopener\">avoir perdu ses sensations de l&rsquo;ann\u00e9e derni\u00e8re<\/a>, lorsqu&rsquo;il avait remport\u00e9 le Grand Prix haut la main. Il semble avoir repris un peu de confiance ce samedi.\u00a0<\/p>\n<p>Apr\u00e8s quinze minutes de roulage, <a href=\"https:\/\/fr.motorsport.com\/driver\/liam-lawson\/826061\/\" target=\"_blank\" rel=\"noopener\">Liam Lawson<\/a> a de nouveau provoqu\u00e9 un drapeau rouge en perdant le contr\u00f4le de sa monoplace, partie en skateboard sur un vibreur. Au m\u00eame moment, <a href=\"https:\/\/fr.motorsport.com\/driver\/esteban-ocon\/95096\/\" target=\"_blank\" rel=\"noopener\">Esteban Ocon<\/a> d\u00e9clarait \u00e0 la radio que sa voiture \u00e9tait devenue d\u00e9sastreuse, lui qui expliquait hier avoir v\u00e9cu l&rsquo;un de ses meilleurs vendredis de la saison.<\/p>\n<p>   <img decoding=\"async\" draggable=\"false\" src=\"https:\/\/www.europesays.com\/fr\/wp-content\/uploads\/2025\/10\/1759575199_181_oscar-piastri-mclaren.jpg\" alt=\"Oscar Piastri, McLaren\" width=\"1200\" height=\"800\" loading=\"lazy\"\/> <\/p>\n<p class=\"title\">Oscar Piastri, McLaren<\/p>\n<p class=\"photographer\">Photo de: Sam Bloxham \/ LAT Images via Getty Images<\/p>\n<p>Lorsque la s\u00e9ance a repris, Max Verstappen a enfin pris la piste, inscrivant sans tarder un quatri\u00e8me temps. Les autres ont entam\u00e9 le travail de long relais. Assez positif vendredi soir, <a href=\"https:\/\/fr.motorsport.com\/driver\/charles-leclerc\/109632\/\" target=\"_blank\" rel=\"noopener\">Charles Leclerc<\/a> \u00e9tait, \u00e0 ce stade de la s\u00e9ance, coinc\u00e9 en 18e place. Un incident concernant une infraction de <a href=\"https:\/\/fr.motorsport.com\/driver\/lewis-hamilton\/76878\/\" target=\"_blank\" rel=\"noopener\">Lewis Hamilton<\/a> sous drapeau rouge a \u00e9galement \u00e9t\u00e9 not\u00e9 par la direction de course et sera analys\u00e9 apr\u00e8s les essais.\u00a0\u00a0<\/p>\n<p>Kimi Antonelli, toujours en gommes tendres, a sign\u00e9 un meilleur temps en 1&rsquo;30&Prime;760. Alors qu&rsquo;il ne restait qu&rsquo;une quinzaine de minutes, les pilotes ont enclench\u00e9 le mode qualifs. Apr\u00e8s les tentatives de chacun, Verstappen menait le classement avec un meilleur temps en 1&rsquo;30&Prime;148, moins d&rsquo;un dixi\u00e8me devant Russell. Norris prenait le troisi\u00e8me chrono.\u00a0<\/p>\n<p>Au terme de cette troisi\u00e8me s\u00e9ance d&rsquo;essais, Max Verstappen \u00e9tait le plus rapide devant Oscar Piastri et George Russell. Notons que les 16 premiers pilotes se tenaient dans la m\u00eame seconde. Les Ferrari ont de nouveau termin\u00e9 dans le fond du top 10, huiti\u00e8me et dixi\u00e8me.\u00a0<\/p>\n<p><img decoding=\"async\" class=\"ms-flag-img ms-flag-img_s2\" title=\"Singapore\" src=\"https:\/\/cdn-1.motorsport.com\/static\/img\/cf\/sg-3.svg\" alt=\"Singapore\" width=\"32\" loading=\"lazy\"\/>\u00a0Grand Prix de Singapour &#8211; Essais libres 3<\/p>\n<p>            Votre avis nous int\u00e9resse !<\/p>\n<p class=\"mt-auto\">Qu&rsquo;aimeriez-vous voir sur Motorsport.com ?<\/p>\n<p>            <a href=\"#\" class=\"ms-link text-link font-bold\">R\u00e9pondez \u00e0 notre enqu\u00eate de 5 minutes.<\/a><\/p>\n<p class=\"mt-1 font-info text-body\">&#8211; L&rsquo;\u00e9quipe Motorsport.com<\/p>\n","protected":false},"excerpt":{"rendered":"Lors de la premi\u00e8re journ\u00e9e du Grand Prix de Singapour, la premi\u00e8re s\u00e9ance d&rsquo;essais a \u00e9t\u00e9 men\u00e9e par&hellip;\n","protected":false},"author":2,"featured_media":438450,"comment_status":"","ping_status":"","sticky":false,"template":"","format":"standard","meta":{"footnotes":""},"categories":[1412],"tags":[55627,56544,1451,1452,1453,1454,1455,1011,27,55626,60],"class_list":{"0":"post-438449","1":"post","2":"type-post","3":"status-publish","4":"format-standard","5":"has-post-thumbnail","7":"category-f1","8":"tag-circuit-urbain-de-marina-bay","9":"tag-el3-verstappen-confirme-les-progru00e8s-de-red-bull-avant-les-qualifs","10":"tag-f1","11":"tag-formula-1","12":"tag-formula1","13":"tag-formule-1","14":"tag-formule1","15":"tag-fr","16":"tag-france","17":"tag-gp-de-singapour","18":"tag-sports"},"share_on_mastodon":{"url":"https:\/\/pubeurope.com\/@fr\/115315527189022808","error":""},"_links":{"self":[{"href":"https:\/\/www.europesays.com\/fr\/wp-json\/wp\/v2\/posts\/438449","targetHints":{"allow":["GET"]}}],"collection":[{"href":"https:\/\/www.europesays.com\/fr\/wp-json\/wp\/v2\/posts"}],"about":[{"href":"https:\/\/www.europesays.com\/fr\/wp-json\/wp\/v2\/types\/post"}],"author":[{"embeddable":true,"href":"https:\/\/www.europesays.com\/fr\/wp-json\/wp\/v2\/users\/2"}],"replies":[{"embeddable":true,"href":"https:\/\/www.europesays.com\/fr\/wp-json\/wp\/v2\/comments?post=438449"}],"version-history":[{"count":0,"href":"https:\/\/www.europesays.com\/fr\/wp-json\/wp\/v2\/posts\/438449\/revisions"}],"wp:featuredmedia":[{"embeddable":true,"href":"https:\/\/www.europesays.com\/fr\/wp-json\/wp\/v2\/media\/438450"}],"wp:attachment":[{"href":"https:\/\/www.europesays.com\/fr\/wp-json\/wp\/v2\/media?parent=438449"}],"wp:term":[{"taxonomy":"category","embeddable":true,"href":"https:\/\/www.europesays.com\/fr\/wp-json\/wp\/v2\/categories?post=438449"},{"taxonomy":"post_tag","embeddable":true,"href":"https:\/\/www.europesays.com\/fr\/wp-json\/wp\/v2\/tags?post=438449"}],"curies":[{"name":"wp","href":"https:\/\/api.w.org\/{rel}","templated":true}]}}