{"id":438453,"date":"2025-10-04T10:55:15","date_gmt":"2025-10-04T10:55:15","guid":{"rendered":"https:\/\/www.europesays.com\/fr\/438453\/"},"modified":"2025-10-04T10:55:15","modified_gmt":"2025-10-04T10:55:15","slug":"girondins-guillaume-odru-annonce-la-couleur-en-coupe-de-france","status":"publish","type":"post","link":"https:\/\/www.europesays.com\/fr\/438453\/","title":{"rendered":"Girondins : Guillaume Odru annonce la couleur en Coupe de France"},"content":{"rendered":"<p><img decoding=\"async\" src=\"https:\/\/www.europesays.com\/fr\/wp-content\/uploads\/2025\/10\/671_76fa1ee7d5dfff4e01d9ce16fb5480ec.jpg\" alt=\"Girondins : Guillaume Odru annonce la couleur en Coupe de France\" class=\"img-responsive mt-3\"\/><\/p>\n<p class=\"text-center mb-3\" style=\"font-size: 14px\">\u00a9 Iconsport<\/p>\n<p>      <strong>Pour Guillaume Odru, les Girondins doivent jouer la Coupe de France \u00e0 fond<\/strong><\/p>\n<p style=\"text-align: justify;\">Guillaume Odru sur TV7 : \u00ab\u00a0Bergerac \u00e9tait un tr\u00e8s bon club de National 2 descendu en R\u00e9gional 3. C&rsquo;est un bon club avec des joueurs au niveau R\u00e9gional 1. Aux Girondins, il n&rsquo;y a pas de match facile. On sait que nos adversaires veulent faire le match de leur vie face \u00e0 nous. Il fallait continuer \u00e0 progresser pour trouver des automatismes. On a pris le dessus en seconde p\u00e9riode, et on n&rsquo;a pas paniqu\u00e9. On est assez confiant (Bordeaux gagner 2 buts \u00e0 1).\u00a0\u00bb<\/p>\n<p><strong>Les avantages de la Coupe de France pour Bordeaux<\/strong><\/p>\n<p style=\"text-align: justify;\">\u00ab\u00a0Dans cette Coupe, on peut \u00eatre amen\u00e9 \u00e0 jouer contre des \u00e9quipes professionnelles. Les Girondins se doivent de jouer contre ces \u00e9quipes-l\u00e0. Il y a un match par semaine. La Coupe nous permet de prendre confiance, et d&rsquo;avoir du rythme. C&rsquo;est tr\u00e8s important pour le groupe et les supporters.\u00a0\u00bb<\/p>\n<p style=\"text-align: justify;\"><a href=\"https:\/\/www.webgirondins.com\/actualite-girondins-coupe-de-france-les-girondins-face-au-tulle-foot-correze-au-5e-tour-130643\" target=\"_blank\" rel=\"noopener\">Bordeaux affronte le Tulle Football Corr\u00e8ze (R2) au 5e tour de la Coupe de France<\/a>. Le match se joue le 11 ou 12 octobre prochain.<\/p>\n<p>\u00c0 lire ici aussi &gt;&gt;\u00a0<strong><a href=\"https:\/\/www.webgirondins.com\/actualite-girondins-girondins-david-gluzman-le-depart-de-john-williams-est-salutaire-130639\" target=\"_blank\" rel=\"noopener\">David Gluzman : \u00ab\u00a0Le d\u00e9part de John Williams est salutaire\u00a0\u00bb<\/a><\/strong><\/p>\n<p>Notre podcast court sur l&rsquo;actu des Girondins \u00e0 \u00e9couter :<\/p>\n<p>\u00a0<\/p>\n<p>\u00a0<\/p>\n<p>\u00a0<\/p>\n","protected":false},"excerpt":{"rendered":"\u00a9 Iconsport Pour Guillaume Odru, les Girondins doivent jouer la Coupe de France \u00e0 fond Guillaume Odru sur&hellip;\n","protected":false},"author":2,"featured_media":438454,"comment_status":"","ping_status":"","sticky":false,"template":"","format":"standard","meta":{"footnotes":""},"categories":[1410],"tags":[2562,150,8371,1997,27576,615,2823,63,1011,27,1987,14721,41011,7720,56545,60],"class_list":{"0":"post-438453","1":"post","2":"type-post","3":"status-publish","4":"format-standard","5":"has-post-thumbnail","7":"category-football","8":"tag-annonce","9":"tag-apres","10":"tag-bergerac","11":"tag-bordeaux","12":"tag-couleur","13":"tag-coupe","14":"tag-face","15":"tag-football","16":"tag-fr","17":"tag-france","18":"tag-girondins","19":"tag-guillaume","20":"tag-odru","21":"tag-qualification","22":"tag-reagi","23":"tag-sports"},"share_on_mastodon":{"url":"https:\/\/pubeurope.com\/@fr\/115315535614647870","error":""},"_links":{"self":[{"href":"https:\/\/www.europesays.com\/fr\/wp-json\/wp\/v2\/posts\/438453","targetHints":{"allow":["GET"]}}],"collection":[{"href":"https:\/\/www.europesays.com\/fr\/wp-json\/wp\/v2\/posts"}],"about":[{"href":"https:\/\/www.europesays.com\/fr\/wp-json\/wp\/v2\/types\/post"}],"author":[{"embeddable":true,"href":"https:\/\/www.europesays.com\/fr\/wp-json\/wp\/v2\/users\/2"}],"replies":[{"embeddable":true,"href":"https:\/\/www.europesays.com\/fr\/wp-json\/wp\/v2\/comments?post=438453"}],"version-history":[{"count":0,"href":"https:\/\/www.europesays.com\/fr\/wp-json\/wp\/v2\/posts\/438453\/revisions"}],"wp:featuredmedia":[{"embeddable":true,"href":"https:\/\/www.europesays.com\/fr\/wp-json\/wp\/v2\/media\/438454"}],"wp:attachment":[{"href":"https:\/\/www.europesays.com\/fr\/wp-json\/wp\/v2\/media?parent=438453"}],"wp:term":[{"taxonomy":"category","embeddable":true,"href":"https:\/\/www.europesays.com\/fr\/wp-json\/wp\/v2\/categories?post=438453"},{"taxonomy":"post_tag","embeddable":true,"href":"https:\/\/www.europesays.com\/fr\/wp-json\/wp\/v2\/tags?post=438453"}],"curies":[{"name":"wp","href":"https:\/\/api.w.org\/{rel}","templated":true}]}}