{"id":438457,"date":"2025-10-04T10:58:32","date_gmt":"2025-10-04T10:58:32","guid":{"rendered":"https:\/\/www.europesays.com\/fr\/438457\/"},"modified":"2025-10-04T10:58:32","modified_gmt":"2025-10-04T10:58:32","slug":"lodyssee-doctobre-le-1er-volet-de-la-communaute-du-marais-de-melanie-guyard-et-timothee-le-veel-flammarion-jeunesse","status":"publish","type":"post","link":"https:\/\/www.europesays.com\/fr\/438457\/","title":{"rendered":"L&rsquo;Odyss\u00e9e d&rsquo;octobre le 1er volet de La communaut\u00e9 du Marais de M\u00e9lanie Guyard et Timoth\u00e9e Le V\u00e9el. Flammarion Jeunesse"},"content":{"rendered":"<p>L&rsquo;Odyss\u00e9e d&rsquo;octobre , 1er volet de la Communaut\u00e9 des Marais est un livre qui \u00e0 travers les cons\u00e9quences du d\u00e9r\u00e8glement climatique aborde les valeurs humaines, l&rsquo;amiti\u00e9, le courage, l&rsquo;entraide. Captivant \u00e0 partir de 9 ans et sans limite d&rsquo;\u00e2ge.\n<\/p>\n<p>M\u00e9lanie Guyard est biologiste de formation et tr\u00e8s sensible aux \u00e9volutions de Dame Nature. Ce 1er volet de la Communaut\u00e9 du Marais s&rsquo;inspire en partie des bouleversements li\u00e9s au r\u00e9chauffement climatique.<\/p>\n<p><strong>Une fantasy animali\u00e8re \u00e0 la fois tumultueuse et tendre.<\/strong><\/p>\n<p>Qui de mieux pour incarner les humains que les animaux? Jean de La Fontaine l&rsquo;avait bien compris, M\u00e9lanie Guyard aussi, elle nous emm\u00e8ne dans la communaut\u00e9 des souris. Le h\u00e9ros, c&rsquo;est Muet. Comme l&rsquo;indique son pr\u00e9nom, il est muet, l&rsquo;occasion d&rsquo;aborder le th\u00e8me du handicap.<\/p>\n<p>Nous sommes au coeur de l&rsquo;automne, une terrible temp\u00eate menace d&#8217;emporter la communaut\u00e9 des souris install\u00e9e dans un ancien moulin \u00e0 eau. Seule issue rejoindre le phare. On suit la travers\u00e9e de Muet accompagn\u00e9 de deux souriceaux dont il se sentira responsable. Un voyage p\u00e9rilleux , une v\u00e9ritable \u00e9pop\u00e9e marqu\u00e9e par un enchainement de rebondissements qui mettent \u00e0 l&rsquo;\u00e9preuve le courage, l&rsquo;amiti\u00e9, la solidarit\u00e9. Une fable r\u00e9aliste qui fait \u00e9cho \u00e0 la r\u00e9alit\u00e9 des migrants.<\/p>\n<p>Les illustrations de Timoth\u00e9e Le V\u00e9el incarnent v\u00e9ritablement l&rsquo;histoire.<\/p>\n<p>Un livre de 270 pages qu&rsquo;on lit d&rsquo;une seule traite (comme moi) ou chapitre par chapitre \u00e0 son enfant.<\/p>\n","protected":false},"excerpt":{"rendered":"L&rsquo;Odyss\u00e9e d&rsquo;octobre , 1er volet de la Communaut\u00e9 des Marais est un livre qui \u00e0 travers les cons\u00e9quences&hellip;\n","protected":false},"author":2,"featured_media":438458,"comment_status":"","ping_status":"","sticky":false,"template":"","format":"standard","meta":{"footnotes":""},"categories":[1357],"tags":[1379,58,59,1011,27,1380],"class_list":{"0":"post-438457","1":"post","2":"type-post","3":"status-publish","4":"format-standard","5":"has-post-thumbnail","7":"category-livres","8":"tag-books","9":"tag-divertissement","10":"tag-entertainment","11":"tag-fr","12":"tag-france","13":"tag-livres"},"share_on_mastodon":{"url":"https:\/\/pubeurope.com\/@fr\/115315546749567949","error":""},"_links":{"self":[{"href":"https:\/\/www.europesays.com\/fr\/wp-json\/wp\/v2\/posts\/438457","targetHints":{"allow":["GET"]}}],"collection":[{"href":"https:\/\/www.europesays.com\/fr\/wp-json\/wp\/v2\/posts"}],"about":[{"href":"https:\/\/www.europesays.com\/fr\/wp-json\/wp\/v2\/types\/post"}],"author":[{"embeddable":true,"href":"https:\/\/www.europesays.com\/fr\/wp-json\/wp\/v2\/users\/2"}],"replies":[{"embeddable":true,"href":"https:\/\/www.europesays.com\/fr\/wp-json\/wp\/v2\/comments?post=438457"}],"version-history":[{"count":0,"href":"https:\/\/www.europesays.com\/fr\/wp-json\/wp\/v2\/posts\/438457\/revisions"}],"wp:featuredmedia":[{"embeddable":true,"href":"https:\/\/www.europesays.com\/fr\/wp-json\/wp\/v2\/media\/438458"}],"wp:attachment":[{"href":"https:\/\/www.europesays.com\/fr\/wp-json\/wp\/v2\/media?parent=438457"}],"wp:term":[{"taxonomy":"category","embeddable":true,"href":"https:\/\/www.europesays.com\/fr\/wp-json\/wp\/v2\/categories?post=438457"},{"taxonomy":"post_tag","embeddable":true,"href":"https:\/\/www.europesays.com\/fr\/wp-json\/wp\/v2\/tags?post=438457"}],"curies":[{"name":"wp","href":"https:\/\/api.w.org\/{rel}","templated":true}]}}