{"id":438468,"date":"2025-10-04T11:04:10","date_gmt":"2025-10-04T11:04:10","guid":{"rendered":"https:\/\/www.europesays.com\/fr\/438468\/"},"modified":"2025-10-04T11:04:10","modified_gmt":"2025-10-04T11:04:10","slug":"que-pensent-les-fans-de-taylor-swift-de-son-nouvel-album-the-life-of-a-showgirl","status":"publish","type":"post","link":"https:\/\/www.europesays.com\/fr\/438468\/","title":{"rendered":"Que pensent les fans de Taylor Swift de son nouvel album \u00ab\u00a0The Life of a Showgirl\u00a0\u00bb\u00a0?"},"content":{"rendered":"<p>Tout ce week-end, le Grand Rex se pare d\u2019orange paillet\u00e9 et de plumes pour rendre hommage au nouvel album de <a href=\"https:\/\/www.20minutes.fr\/arts-stars\/people\/taylor_swift\/\" class=\"c-link c-link--is-underlined\" target=\"_blank\" rel=\"noopener\">Taylor Swift<\/a>. Jusqu\u2019\u00e0 dimanche, certains Swifties pourront voir dans certains <a href=\"https:\/\/www.20minutes.fr\/arts-stars\/cinema\/\" class=\"c-link c-link--is-underlined\" target=\"_blank\" rel=\"noopener\">cin\u00e9mas<\/a>, les coulisses de fabrication du premier morceau de l\u2019album The Fate of Ophelia mais aussi \u00e9couter les confidences de leur <a href=\"https:\/\/www.20minutes.fr\/dossier\/chanteuse\" class=\"c-link c-link--is-underlined\" target=\"_blank\" rel=\"noopener\">chanteuse <\/a>pr\u00e9f\u00e9r\u00e9e.<\/p>\n<p>Pour l\u2019occasion, on a demand\u00e9 aux fans pr\u00e9sents dans le cin\u00e9ma parisien ce qu\u2019ils pensaient de ce nouveau projet. Si quelques fans avouent ne pas l\u2019avoir \u00e9cout\u00e9 pour se garder la surprise, nombreux sont ceux \u00e0 \u00eatre conquis. \u00ab\u00a0C\u2019est un album bien pop qui fait du bien surtout apr\u00e8s The Tortured Poets Department. Je trouve aussi qu\u2019il cl\u00f4ture bien l\u2019era Eras Tour. Je ne suis pas du tout d\u00e9\u00e7ue.\u00a0\u00bb confie Ambre, venue avec le tout nouveau cardigan orange que Taylor Swift a mis en vente sur son site Internet. Sabri lui, avoue avoir \u00e9t\u00e9 surpris par ce tournant musical, \u00ab\u00a0Je trouve qu\u2019il y a beaucoup d\u2019influences diff\u00e9rentes mais je ne retrouve pas forc\u00e9ment le th\u00e8me show girl qu&rsquo;elle nous avait annonc\u00e9\u00a0\u00bb avoue le swiftie, \u00ab\u00a0mais \u00e7a reste assez sympa et surtout exp\u00e9rimental pour du Taylor\u00a0\u00bb. Du c\u00f4t\u00e9 des titres pr\u00e9f\u00e9r\u00e9s on retrouve, The Fate of Ophelia, Wish List et le surprenant Wood qui parle de l\u2019anatomie du fianc\u00e9 de la chanteuse, Travis Kelce.<\/p>\n<p>Retrouvez le reportage sur les fans de Taylor Swift dans la vid\u00e9o en t\u00eate de cet article<\/p>\n","protected":false},"excerpt":{"rendered":"Tout ce week-end, le Grand Rex se pare d\u2019orange paillet\u00e9 et de plumes pour rendre hommage au nouvel&hellip;\n","protected":false},"author":2,"featured_media":438469,"comment_status":"","ping_status":"","sticky":false,"template":"","format":"standard","meta":{"footnotes":""},"categories":[8],"tags":[1692,251,58,59,73,1011,27,662,873,626,10044,2713,133],"class_list":{"0":"post-438468","1":"post","2":"type-post","3":"status-publish","4":"format-standard","5":"has-post-thumbnail","7":"category-divertissement","8":"tag-album","9":"tag-culture","10":"tag-divertissement","11":"tag-entertainment","12":"tag-etats-unis","13":"tag-fr","14":"tag-france","15":"tag-ile-de-france","16":"tag-musique","17":"tag-paris","18":"tag-pop","19":"tag-taylor-swift","20":"tag-video"},"share_on_mastodon":{"url":"","error":""},"_links":{"self":[{"href":"https:\/\/www.europesays.com\/fr\/wp-json\/wp\/v2\/posts\/438468","targetHints":{"allow":["GET"]}}],"collection":[{"href":"https:\/\/www.europesays.com\/fr\/wp-json\/wp\/v2\/posts"}],"about":[{"href":"https:\/\/www.europesays.com\/fr\/wp-json\/wp\/v2\/types\/post"}],"author":[{"embeddable":true,"href":"https:\/\/www.europesays.com\/fr\/wp-json\/wp\/v2\/users\/2"}],"replies":[{"embeddable":true,"href":"https:\/\/www.europesays.com\/fr\/wp-json\/wp\/v2\/comments?post=438468"}],"version-history":[{"count":0,"href":"https:\/\/www.europesays.com\/fr\/wp-json\/wp\/v2\/posts\/438468\/revisions"}],"wp:featuredmedia":[{"embeddable":true,"href":"https:\/\/www.europesays.com\/fr\/wp-json\/wp\/v2\/media\/438469"}],"wp:attachment":[{"href":"https:\/\/www.europesays.com\/fr\/wp-json\/wp\/v2\/media?parent=438468"}],"wp:term":[{"taxonomy":"category","embeddable":true,"href":"https:\/\/www.europesays.com\/fr\/wp-json\/wp\/v2\/categories?post=438468"},{"taxonomy":"post_tag","embeddable":true,"href":"https:\/\/www.europesays.com\/fr\/wp-json\/wp\/v2\/tags?post=438468"}],"curies":[{"name":"wp","href":"https:\/\/api.w.org\/{rel}","templated":true}]}}