{"id":438498,"date":"2025-10-04T11:23:14","date_gmt":"2025-10-04T11:23:14","guid":{"rendered":"https:\/\/www.europesays.com\/fr\/438498\/"},"modified":"2025-10-04T11:23:14","modified_gmt":"2025-10-04T11:23:14","slug":"ligue-2-relegable-le-gf38-peut-il-se-relancer-a-reims-lun-des-candidats-a-la-montee-suivez-le-match-des-grenoblois","status":"publish","type":"post","link":"https:\/\/www.europesays.com\/fr\/438498\/","title":{"rendered":"Ligue 2. Rel\u00e9gable, le GF38 peut-il se relancer \u00e0 Reims, l&rsquo;un des candidats \u00e0 la mont\u00e9e\u00a0? Suivez le match des Grenoblois"},"content":{"rendered":"<p>En grande difficult\u00e9, Grenoble se d\u00e9place \u00e0 Reims ce samedi \u00e0 l&rsquo;occasion de la 9e journ\u00e9e de Ligue 2. Face \u00e0 un ancien pensionnaire de Ligue 1 en lice pour remonter dans l&rsquo;\u00e9lite, les Grenoblois, rel\u00e9gables au coup d&rsquo;envoi, vont devoir sortir une grosse prestation pour esp\u00e9rer ramener quelque chose de la Marne. Suivez en direct cette rencontre.<\/p>\n<p>&#13;<br \/>\n              Le Dauphin\u00e9 Lib\u00e9r\u00e9  &#8211; &#13;<br \/>\n        &#13;<br \/>\n          Aujourd&rsquo;hui \u00e0 13:15&#13;<br \/>\n    &#13;<br \/>\n        &#8211; Temps de lecture : &#13;<br \/>\n  &#13;<\/p>\n","protected":false},"excerpt":{"rendered":"En grande difficult\u00e9, Grenoble se d\u00e9place \u00e0 Reims ce samedi \u00e0 l&rsquo;occasion de la 9e journ\u00e9e de Ligue&hellip;\n","protected":false},"author":2,"featured_media":438499,"comment_status":"","ping_status":"","sticky":false,"template":"","format":"standard","meta":{"footnotes":""},"categories":[9566],"tags":[1111,11,2430,3545,112,1777,674,107,1701,63,1011,27,12637,2731,2732,108,12636,12,25,517],"class_list":{"0":"post-438498","1":"post","2":"type-post","3":"status-publish","4":"format-standard","5":"has-post-thumbnail","7":"category-grenoble","8":"tag-actu","9":"tag-actualites","10":"tag-auvergne-rhone-alpes","11":"tag-direct-sport","12":"tag-edition-grenoble-agglomeration","13":"tag-eu","14":"tag-europe","15":"tag-fil-info","16":"tag-fil-info-sport","17":"tag-football","18":"tag-fr","19":"tag-france","20":"tag-gf38-grenoble-foot-38","21":"tag-grenoble","22":"tag-grenoble-bassin","23":"tag-isere","24":"tag-ligue-2-football","25":"tag-news","26":"tag-republique-francaise","27":"tag-sport"},"share_on_mastodon":{"url":"https:\/\/pubeurope.com\/@fr\/115315645057067373","error":""},"_links":{"self":[{"href":"https:\/\/www.europesays.com\/fr\/wp-json\/wp\/v2\/posts\/438498","targetHints":{"allow":["GET"]}}],"collection":[{"href":"https:\/\/www.europesays.com\/fr\/wp-json\/wp\/v2\/posts"}],"about":[{"href":"https:\/\/www.europesays.com\/fr\/wp-json\/wp\/v2\/types\/post"}],"author":[{"embeddable":true,"href":"https:\/\/www.europesays.com\/fr\/wp-json\/wp\/v2\/users\/2"}],"replies":[{"embeddable":true,"href":"https:\/\/www.europesays.com\/fr\/wp-json\/wp\/v2\/comments?post=438498"}],"version-history":[{"count":0,"href":"https:\/\/www.europesays.com\/fr\/wp-json\/wp\/v2\/posts\/438498\/revisions"}],"wp:featuredmedia":[{"embeddable":true,"href":"https:\/\/www.europesays.com\/fr\/wp-json\/wp\/v2\/media\/438499"}],"wp:attachment":[{"href":"https:\/\/www.europesays.com\/fr\/wp-json\/wp\/v2\/media?parent=438498"}],"wp:term":[{"taxonomy":"category","embeddable":true,"href":"https:\/\/www.europesays.com\/fr\/wp-json\/wp\/v2\/categories?post=438498"},{"taxonomy":"post_tag","embeddable":true,"href":"https:\/\/www.europesays.com\/fr\/wp-json\/wp\/v2\/tags?post=438498"}],"curies":[{"name":"wp","href":"https:\/\/api.w.org\/{rel}","templated":true}]}}