{"id":438502,"date":"2025-10-04T11:25:11","date_gmt":"2025-10-04T11:25:11","guid":{"rendered":"https:\/\/www.europesays.com\/fr\/438502\/"},"modified":"2025-10-04T11:25:11","modified_gmt":"2025-10-04T11:25:11","slug":"les-declas-dhabib-beye-et-alidu-seidu-avant-hac-srfc","status":"publish","type":"post","link":"https:\/\/www.europesays.com\/fr\/438502\/","title":{"rendered":"Les d\u00e9clas d&rsquo;Habib Beye et Alidu Seidu avant HAC\/SRFC"},"content":{"rendered":"<p><strong>Concurrence\u00a0<\/strong><br \/>\u00ab\u00a0On a des retours importants avec des joueurs pr\u00eats \u00e0 d\u00e9buter, on a des alternatives pour composer. La concurrence est importante au club et il faut la faire jouer. C&rsquo;est \u00e0 moi de faire des choix, de trouver la bonne formule pour dimanche.\u00a0\u00bb<\/p>\n<p><strong>Breel Embolo<\/strong><br \/>\u00ab Breel a eu deux matchs avec la s\u00e9lection, il n&rsquo;avait pas jou\u00e9 avant et \u00e7a prend du temps de retrouver du rythme. Je suis content de son investissement, on a une grande confiance en ses qualit\u00e9s. Je suis s\u00fbr que sa progression viendra avec cette logique athl\u00e9tique, il a fait une bonne semaine et il faut qu&rsquo;il engrange de la confiance pour marquer et faire de bons matchs. Nous devons soigner les associations, je le r\u00e9p\u00e8te, le but d&rsquo;Est\u00e9ban \u00e0 Nantes vient d&rsquo;un bon appel de Breel.\u00a0\u00bb<\/p>\n<p><strong>Valentin Rongier<\/strong><br \/>\u00ab C&rsquo;est un joueur avec beaucoup d&rsquo;exp\u00e9rience, un r\u00e9gulateur qui g\u00e8re le tempo, tr\u00e8s stable \u00e9motionnellement. Valentin est important dans notre structure. Personne n&rsquo;est indispensable m\u00eame si c&rsquo;est un joueur tr\u00e8s important. Son exp\u00e9rience peut manquer, il apporte de la stabilit\u00e9 \u00e9motionnelle, tactique, il sait quand acc\u00e9l\u00e9rer et r\u00e9guler. C&rsquo;est un profil qui ressent l&rsquo;intensit\u00e9 du match, on en manquait l&rsquo;an pass\u00e9 et nos jeunes joueurs ont besoin de sa capacit\u00e9 \u00e0 stabiliser. \u00bb<\/p>\n<p><strong>La pr\u00e9paration mentale du d\u00e9placement<\/strong><br \/>\u00ab J&rsquo;ai juste voulu rassurer les joueurs sur ce qu&rsquo;on vit, qu&rsquo;ils soient herm\u00e9tiques. La situation est tr\u00e8s stable, nous ne sommes qu&rsquo;\u00e0 trois points du podium apr\u00e8s six journ\u00e9es et on va aller au Havre pour gagner. Les joueurs ne doivent pas ressentir cette pression ext\u00e9rieure, qui est d\u00e9mesur\u00e9e pour moi. \u00bb\u00a0<\/p>\n<p><strong>Le d\u00e9placement au Havre, un bon souvenir l&rsquo;ann\u00e9e pass\u00e9e (succ\u00e8s 1-5)<\/strong><br \/>\u00ab Ce ne sera pas le m\u00eame match. Le Havre est une \u00e9quipe diff\u00e9rente, tr\u00e8s forte sur centre, sur coup de pied arr\u00eat\u00e9 offensif, une \u00e9quipe intense et verticale. Leur entra\u00eeneur a eu du temps et ils ont gagn\u00e9 de la qualit\u00e9 par rapport \u00e0 l&rsquo;an pass\u00e9. Ce sera une \u00e9quipe difficile \u00e0 jouer. Si on doit penser au match de la saison pass\u00e9e, il faut s&rsquo;inspirer de l&rsquo;aspect conqu\u00e9rant. \u00bb\u00a0<\/p>\n<p>\u00a0<\/p>\n<p><strong>Alidu Seidu<\/strong><\/p>\n<p>\u00a0<\/p>\n<p><img decoding=\"async\" class=\"picture\" src=\"https:\/\/www.europesays.com\/fr\/wp-content\/uploads\/2025\/10\/dsc05145-2.jpg.webp\" alt=\"Alidu Seidu, d\u00e9fenseur du Stade Rennais F.C.\" loading=\"lazy\"\/>\u00a9 Stade Rennais F.C.<\/p>\n<p><strong>La pr\u00e9paration du Havre<\/strong><br \/>\u00ab Nous voulons nous concentrer sur ce qui se passe sur le terrain, \u00e0 l&rsquo;entra\u00eenement. Le staff travaille dur pour nous mettre dans les meilleures conditions et on ne doit pas regarder ce qui se passe \u00e0 l&rsquo;ext\u00e9rieur. \u00bb<\/p>\n<p><strong>Son retour en forme<\/strong><br \/>\u00ab\u00a0Je suis tr\u00e8s content de jouer et je ne suis pas surpris d&rsquo;\u00eatre revenu en forme. Je donne mon maximum. C&rsquo;est \u00e0 moi d&rsquo;\u00eatre concentr\u00e9, de continuer \u00e0 m&rsquo;entra\u00eener dur. Je me sens tr\u00e8s bien, je tiens 90 minutes. Collectivement, on a fait de bonnes choses et il ne faut pas oublier que nous avons peu de v\u00e9cu en commun. \u00c7a prend du temps et c&rsquo;est \u00e0 nous d&rsquo;\u00eatre en place en travaillant ensemble \u00e0 l&rsquo;entra\u00eenement.\u00a0\u00bb<\/p>\n<p><strong>Le d\u00e9veloppement du leadership et la concurrence<\/strong><br \/>\u00ab\u00a0Cela viendra en jouant ensemble. Peu importent les absents, nous avons de tr\u00e8s bons joueurs et j&rsquo;ai confiance. Les profils se compl\u00e8tent, comme Djaoui ou Valentin qui apporte des choses diff\u00e9rentes quand ils sont sur le terrain par exemple. Le joueur qui d\u00e9bute se donne \u00e0 100% et nous avons tous des qualit\u00e9s diff\u00e9rentes \u00e0 apporter \u00e0 l&rsquo;\u00e9quipe. \u00bb<\/p>\n<p><strong>La vie de groupe<\/strong><br \/>\u00ab On s&rsquo;entend tr\u00e8s bien, que ce soit sur le terrain, dans le vestiaire, dans la vie de groupe. Nous avons une tr\u00e8s bonne ambiance dans l&rsquo;\u00e9quipe et c&rsquo;est forc\u00e9ment positif pour travailler. \u00bb<\/p>\n","protected":false},"excerpt":{"rendered":"Concurrence\u00a0\u00ab\u00a0On a des retours importants avec des joueurs pr\u00eats \u00e0 d\u00e9buter, on a des alternatives pour composer. La&hellip;\n","protected":false},"author":2,"featured_media":438503,"comment_status":"","ping_status":"","sticky":false,"template":"","format":"standard","meta":{"footnotes":""},"categories":[2821],"tags":[1111,11,829,1777,674,1011,27,12,584,25],"class_list":{"0":"post-438502","1":"post","2":"type-post","3":"status-publish","4":"format-standard","5":"has-post-thumbnail","7":"category-rennes","8":"tag-actu","9":"tag-actualites","10":"tag-bretagne","11":"tag-eu","12":"tag-europe","13":"tag-fr","14":"tag-france","15":"tag-news","16":"tag-rennes","17":"tag-republique-francaise"},"share_on_mastodon":{"url":"https:\/\/pubeurope.com\/@fr\/115315653364925636","error":""},"_links":{"self":[{"href":"https:\/\/www.europesays.com\/fr\/wp-json\/wp\/v2\/posts\/438502","targetHints":{"allow":["GET"]}}],"collection":[{"href":"https:\/\/www.europesays.com\/fr\/wp-json\/wp\/v2\/posts"}],"about":[{"href":"https:\/\/www.europesays.com\/fr\/wp-json\/wp\/v2\/types\/post"}],"author":[{"embeddable":true,"href":"https:\/\/www.europesays.com\/fr\/wp-json\/wp\/v2\/users\/2"}],"replies":[{"embeddable":true,"href":"https:\/\/www.europesays.com\/fr\/wp-json\/wp\/v2\/comments?post=438502"}],"version-history":[{"count":0,"href":"https:\/\/www.europesays.com\/fr\/wp-json\/wp\/v2\/posts\/438502\/revisions"}],"wp:featuredmedia":[{"embeddable":true,"href":"https:\/\/www.europesays.com\/fr\/wp-json\/wp\/v2\/media\/438503"}],"wp:attachment":[{"href":"https:\/\/www.europesays.com\/fr\/wp-json\/wp\/v2\/media?parent=438502"}],"wp:term":[{"taxonomy":"category","embeddable":true,"href":"https:\/\/www.europesays.com\/fr\/wp-json\/wp\/v2\/categories?post=438502"},{"taxonomy":"post_tag","embeddable":true,"href":"https:\/\/www.europesays.com\/fr\/wp-json\/wp\/v2\/tags?post=438502"}],"curies":[{"name":"wp","href":"https:\/\/api.w.org\/{rel}","templated":true}]}}