{"id":438504,"date":"2025-10-04T11:26:32","date_gmt":"2025-10-04T11:26:32","guid":{"rendered":"https:\/\/www.europesays.com\/fr\/438504\/"},"modified":"2025-10-04T11:26:32","modified_gmt":"2025-10-04T11:26:32","slug":"toute-lactu-top-music-strasbourg-dans-le-top-mondial-du-tourisme-durable","status":"publish","type":"post","link":"https:\/\/www.europesays.com\/fr\/438504\/","title":{"rendered":"Toute l&rsquo;actu Top Music &#8211; Strasbourg dans le top mondial du tourisme durable"},"content":{"rendered":"<p><img decoding=\"async\" class=\"\" style=\"width:100%\" src=\"https:\/\/www.europesays.com\/fr\/wp-content\/uploads\/2025\/10\/IMG_1862_copie1759483027144.webp.webp\" alt=\"Strasbourg, toujours plus impliqu\u00e9e dans le tourisme durable\"\/><\/p>\n<p>Strasbourg, toujours plus impliqu\u00e9e dans le tourisme durable<\/p>\n<p>Cr\u00e9dit : Top Music &#8211; CR<\/p>\n<p>Cette place r\u00e9compense les efforts de Strasbourg pour un tourisme plus durable et inclusif. C\u2019est la toute premi\u00e8re fois que la capitale alsacienne int\u00e8gre le Top 40 mondial de ce classement, <strong>gr\u00e2ce aux efforts de l\u2019Eurom\u00e9tropole et de l\u2019Office de tourisme, des loisirs et des congr\u00e8s (OTLC). <\/strong>En 2023, Strasbourg avait obtenu un score de 65%, en 2024 le score \u00e9tait de 67%, et donc de 72% d\u2019apr\u00e8s le GDS-Index (Global Destination Sustainability Index) publi\u00e9 le 23 septembre 2025.<\/p>\n<p><strong>Strasbourg : une destination durable<\/strong><\/p>\n<p>Parmi les avanc\u00e9es notables,<strong> la hausse du taux de labellisation des h\u00f4tels de plus de 50 chambres <\/strong>(18% \u00e0 40%) <strong>et des agences \u00e9v\u00e9nementielles <\/strong>\u00e0 Strasbourg. L\u2019indice est bas\u00e9 sur <strong>70 crit\u00e8res<\/strong> (environnementaux, sociaux, transports publics, espaces publics\u2026) Cette dynamique s\u2019inscrit dans une strat\u00e9gie globale port\u00e9e par l\u2019OTLC, avec des actions concr\u00e8tes comme l\u2019engagement ISO 20121 ou l\u2019int\u00e9gration d\u2019un calculateur carbone pour les d\u00e9placements.<\/p>\n<p>\u00a0<\/p>\n<p>Si vous souhaitez d\u00e9couvrir tous les r\u00e9sultats : <a href=\"https:\/\/www.gds.earth\/index\/top-40-cities\/\" rel=\"noopener\" target=\"_blank\">https:\/\/www.gds.earth\/index\/top-40-cities\/<\/a><\/p>\n","protected":false},"excerpt":{"rendered":"Strasbourg, toujours plus impliqu\u00e9e dans le tourisme durable Cr\u00e9dit : Top Music &#8211; CR Cette place r\u00e9compense les&hellip;\n","protected":false},"author":2,"featured_media":438505,"comment_status":"","ping_status":"","sticky":false,"template":"","format":"standard","meta":{"footnotes":""},"categories":[2820],"tags":[1111,11,2389,1777,674,2087,652,1011,27,56551,775,190,56550,12,23860,25,3686,640,7420,602,36841,14560],"class_list":{"0":"post-438504","1":"post","2":"type-post","3":"status-publish","4":"format-standard","5":"has-post-thumbnail","7":"category-strasbourg","8":"tag-actu","9":"tag-actualites","10":"tag-alsace","11":"tag-eu","12":"tag-europe","13":"tag-evenement","14":"tag-famille","15":"tag-fr","16":"tag-france","17":"tag-gds","18":"tag-grand-est","19":"tag-hotel","20":"tag-indice","21":"tag-news","22":"tag-office-de-tourisme","23":"tag-republique-francaise","24":"tag-sortie","25":"tag-strasbourg","26":"tag-top-music","27":"tag-tourisme","28":"tag-tourisme-durable","29":"tag-visiter"},"share_on_mastodon":{"url":"https:\/\/pubeurope.com\/@fr\/115315656982350442","error":""},"_links":{"self":[{"href":"https:\/\/www.europesays.com\/fr\/wp-json\/wp\/v2\/posts\/438504","targetHints":{"allow":["GET"]}}],"collection":[{"href":"https:\/\/www.europesays.com\/fr\/wp-json\/wp\/v2\/posts"}],"about":[{"href":"https:\/\/www.europesays.com\/fr\/wp-json\/wp\/v2\/types\/post"}],"author":[{"embeddable":true,"href":"https:\/\/www.europesays.com\/fr\/wp-json\/wp\/v2\/users\/2"}],"replies":[{"embeddable":true,"href":"https:\/\/www.europesays.com\/fr\/wp-json\/wp\/v2\/comments?post=438504"}],"version-history":[{"count":0,"href":"https:\/\/www.europesays.com\/fr\/wp-json\/wp\/v2\/posts\/438504\/revisions"}],"wp:featuredmedia":[{"embeddable":true,"href":"https:\/\/www.europesays.com\/fr\/wp-json\/wp\/v2\/media\/438505"}],"wp:attachment":[{"href":"https:\/\/www.europesays.com\/fr\/wp-json\/wp\/v2\/media?parent=438504"}],"wp:term":[{"taxonomy":"category","embeddable":true,"href":"https:\/\/www.europesays.com\/fr\/wp-json\/wp\/v2\/categories?post=438504"},{"taxonomy":"post_tag","embeddable":true,"href":"https:\/\/www.europesays.com\/fr\/wp-json\/wp\/v2\/tags?post=438504"}],"curies":[{"name":"wp","href":"https:\/\/api.w.org\/{rel}","templated":true}]}}