{"id":438514,"date":"2025-10-04T11:31:31","date_gmt":"2025-10-04T11:31:31","guid":{"rendered":"https:\/\/www.europesays.com\/fr\/438514\/"},"modified":"2025-10-04T11:31:31","modified_gmt":"2025-10-04T11:31:31","slug":"brest-nantes-junior-diaz-vrai-patron-a-troyes-peut-il-devenir-un-monstre-au-stade-brestois","status":"publish","type":"post","link":"https:\/\/www.europesays.com\/fr\/438514\/","title":{"rendered":"Brest &#8211; Nantes\u00a0: Junior Diaz, \u00ab\u00a0vrai patron\u00a0\u00bb \u00e0 Troyes, peut-il devenir un \u00ab\u00a0monstre\u00a0\u00bb au Stade Brestois\u00a0?"},"content":{"rendered":"<p>Ligue (7e journ\u00e9e). Stade Brestois &#8211; FC Nantes, ce samedi (19\u00a0h)<\/p>\n<p>Avec seulement cinq matchs en Ligue 1 dans les jambes, Junior Diaz (22 ans) a d\u00e9gag\u00e9 \u00e0 Angers (0-2) une impression de s\u00e9r\u00e9nit\u00e9 digne d\u2019un joueur aguerri. Pr\u00eat\u00e9 cet \u00e9t\u00e9 par Troyes, club qui appartient au City Football Group, Junior Diaz est un pur produit de la formation du FC Nantes (2012-2024), club qu\u2019il va retrouver ce samedi.<\/p>\n<p>Quand durant le mercato estival, Gr\u00e9gory Lorenzi a gliss\u00e9 le nom du natif de Saint-Herblain (44) \u00e0 \u00c9ric Roy, l\u2019entra\u00eeneur brestois n\u2019a pas h\u00e9sit\u00e9 longtemps avant de donner son aval\u00a0: \u00ab\u00a0Je l\u2019avais vu contre nous en Coupe de France et il m\u2019avait laiss\u00e9 une bonne impression. Il m\u2019a plu par sa capacit\u00e9 \u00e0 \u00eatre int\u00e9ressant avec le ballon\u00a0: bien relancer, \u00eatre propre.\u00a0\u00bb<\/p>\n<p>\u00ab\u00a0Il s\u2019est vraiment \u00e9panoui jusqu\u2019\u00e0 devenir un vrai patron\u00a0\u00bb<\/p>\n<p>Le joueur s\u2019est rapidement acclimat\u00e9 \u00e0 Brest. Et il n\u2019est pas \u00e9tonn\u00e9 de d\u00e9j\u00e0 encha\u00eener les titularisations\u00a0: \u00ab\u00a0On est venu \u00e0 Brest pour qu\u2019il ait du temps de jeu en Ligue 1, raconte son conseiller. Apr\u00e8s deux matchs assez moyens, il est bien mont\u00e9 en puissance.\u00a0\u00bb Diaz s\u2019adapte aux exigences de la Ligue 1. \u00ab\u00a0C\u2019est un gar\u00e7on intelligent. Il est calme, d\u00e9gage de la s\u00e9r\u00e9nit\u00e9 et de la confiance en lui. C\u2019est le genre de joueur qu\u2019on aime avoir au quotidien\u00a0\u00bb, d\u00e9peint St\u00e9phane Dumont, son entra\u00eeneur \u00e0 Troyes la saison derni\u00e8re.<\/p>\n<blockquote><p>Quand je le vois torse nu dans mon vestiaire avec son m\u00e8tre 93\u2026 C\u2019est une belle gigue\u00a0! Je me dis\u00a0: \u201cTiens, moi, je serais \u00e0 la muscu toute la journ\u00e9e\u00a0!<\/p><\/blockquote>\n<p>Diaz \u00e9tait un des piliers de son collectif, l\u2019an dernier, titulaire \u00e0 chaque match, en Coupe et en Ligue 2, sans jamais \u00eatre remplac\u00e9 (3\u00a0510 minutes en 39 titularisations). \u00ab\u00a0Pour un jeune joueur, c\u2019est tr\u00e8s rare, explique St\u00e9phane Dumont. Si je l\u2019ai fait, c\u2019est parce que c\u2019est un gar\u00e7on qui, d\u00e8s le premier jour, s\u2019est bien entra\u00een\u00e9. Il a trouv\u00e9 sa routine, il a progress\u00e9 au fur et \u00e0 mesure des matchs et des associations. Il s\u2019est vraiment \u00e9panoui jusqu\u2019\u00e0 devenir un vrai patron derri\u00e8re.\u00a0\u00bb<\/p>\n<p><img decoding=\"async\" src=\"https:\/\/www.europesays.com\/fr\/wp-content\/uploads\/2025\/10\/68dfdfcf0e34bc13920caa15.1.jpeg\" width=\"480\" height=\"300\" class=\"web_golden_m\" loading=\"lazy\" alt=\"Junior Diaz f\u00e9licite Joris Chotard.\"\/>Junior Diaz f\u00e9licite Joris Chotard. (Photo archives Jean-Michel Louarn)\u00ab\u00a0Si tu lui fais prendre 5-6 kg de muscles, \u00e7a va devenir un monstre\u00a0\u00bb<\/p>\n<p>Conscient, lui aussi, de son potentiel, \u00c9ric Roy se montre tr\u00e8s exigeant avec son jeune d\u00e9fenseur\u00a0: \u00ab\u00a0D\u00e8s la pr\u00e9paration, pendant les amicaux et les premiers matchs, je lui ai dit que j\u2019attendais des choses de lui. Notamment sa capacit\u00e9 \u00e0 se prendre en charge, \u00e0 travailler avant et apr\u00e8s les entra\u00eenements.\u00a0\u00bb Pr\u00eat\u00e9 sans option d\u2019achat par Troyes, le d\u00e9fenseur est suivi de pr\u00e8s par le City Group\u00a0: \u00ab\u00a0Il est \u00e0 Brest pour prendre de l\u2019exp\u00e9rience et passer un cap, rappelle son conseiller. Une de ses forces, c\u2019est qu\u2019il sait \u00e9couter. Donc il va prendre les conseils d\u2019\u00c9ric Roy au pied de la lettre.\u00a0\u00bb<\/p>\n<p>Si Junior Diaz a livr\u00e9 une prestation pleine \u00e0 Angers, ses d\u00e9buts brestois ont aussi r\u00e9v\u00e9l\u00e9 quelques failles. \u00ab\u00a0Il a des aspects de son jeu \u00e0 am\u00e9liorer, notamment dans la r\u00e9activit\u00e9, le placement, la concentration, pointe \u00c9ric Roy. On fait beaucoup de retours vid\u00e9os individualis\u00e9s avec lui pour qu\u2019il prenne conscience de certaines choses. C\u2019est un jeune joueur qu\u2019il faut faire progresser pour atteindre cet objectif de devenir un joueur incontournable. Mais ses derni\u00e8res prestations sont encourageantes.\u00a0\u00bb St\u00e9phane Dumont, qui d\u00e9crit un \u00ab\u00a0vrai d\u00e9fenseur moderne, capable de relancer, de bien d\u00e9fendre, de courir vite et de couper des situations de crise\u00a0\u00bb avait lui aussi, identifi\u00e9, \u00ab\u00a0au d\u00e9part\u00a0\u00bb, \u00ab\u00a0un manque d\u2019agressivit\u00e9.\u00a0\u00bb<\/p>\n<p>Avec son physique longiligne, l\u2019international ivoirien U23 peut \u00eatre bouscul\u00e9 dans certains duels. \u00ab\u00a0Quand je le vois torse nu dans mon vestiaire avec son m\u00e8tre 93\u2026 C\u2019est une belle gigue\u00a0! Je me dis\u00a0: \u201cTiens, moi je serais \u00e0 la muscu toute la journ\u00e9e\u201d, lance \u00c9ric Roy. Parce si tu lui fais prendre 5-6 kg de muscles, \u00e7a va devenir un monstre.\u00a0\u00bb\ufeff<\/p>\n","protected":false},"excerpt":{"rendered":"Ligue (7e journ\u00e9e). Stade Brestois &#8211; FC Nantes, ce samedi (19\u00a0h) Avec seulement cinq matchs en Ligue 1&hellip;\n","protected":false},"author":2,"featured_media":438515,"comment_status":"","ping_status":"","sticky":false,"template":"","format":"standard","meta":{"footnotes":""},"categories":[2818],"tags":[1111,11,3450,1777,674,63,1011,27,66,766,12,2636,25,60,4449],"class_list":{"0":"post-438514","1":"post","2":"type-post","3":"status-publish","4":"format-standard","5":"has-post-thumbnail","7":"category-nantes","8":"tag-actu","9":"tag-actualites","10":"tag-brest","11":"tag-eu","12":"tag-europe","13":"tag-football","14":"tag-fr","15":"tag-france","16":"tag-ligue-1","17":"tag-nantes","18":"tag-news","19":"tag-pays-de-la-loire","20":"tag-republique-francaise","21":"tag-sports","22":"tag-stade-brestois"},"share_on_mastodon":{"url":"https:\/\/pubeurope.com\/@fr\/115315676973003291","error":""},"_links":{"self":[{"href":"https:\/\/www.europesays.com\/fr\/wp-json\/wp\/v2\/posts\/438514","targetHints":{"allow":["GET"]}}],"collection":[{"href":"https:\/\/www.europesays.com\/fr\/wp-json\/wp\/v2\/posts"}],"about":[{"href":"https:\/\/www.europesays.com\/fr\/wp-json\/wp\/v2\/types\/post"}],"author":[{"embeddable":true,"href":"https:\/\/www.europesays.com\/fr\/wp-json\/wp\/v2\/users\/2"}],"replies":[{"embeddable":true,"href":"https:\/\/www.europesays.com\/fr\/wp-json\/wp\/v2\/comments?post=438514"}],"version-history":[{"count":0,"href":"https:\/\/www.europesays.com\/fr\/wp-json\/wp\/v2\/posts\/438514\/revisions"}],"wp:featuredmedia":[{"embeddable":true,"href":"https:\/\/www.europesays.com\/fr\/wp-json\/wp\/v2\/media\/438515"}],"wp:attachment":[{"href":"https:\/\/www.europesays.com\/fr\/wp-json\/wp\/v2\/media?parent=438514"}],"wp:term":[{"taxonomy":"category","embeddable":true,"href":"https:\/\/www.europesays.com\/fr\/wp-json\/wp\/v2\/categories?post=438514"},{"taxonomy":"post_tag","embeddable":true,"href":"https:\/\/www.europesays.com\/fr\/wp-json\/wp\/v2\/tags?post=438514"}],"curies":[{"name":"wp","href":"https:\/\/api.w.org\/{rel}","templated":true}]}}