{"id":438518,"date":"2025-10-04T11:33:14","date_gmt":"2025-10-04T11:33:14","guid":{"rendered":"https:\/\/www.europesays.com\/fr\/438518\/"},"modified":"2025-10-04T11:33:14","modified_gmt":"2025-10-04T11:33:14","slug":"incroyables-jan-hoekstra-raconte-son-arrivee-aux-girondins-de-bordeaux","status":"publish","type":"post","link":"https:\/\/www.europesays.com\/fr\/438518\/","title":{"rendered":"\u00ab\u00a0Incroyables\u00a0\u00bb : Jan Hoekstra raconte son arriv\u00e9e aux Girondins de Bordeaux"},"content":{"rendered":"<p><img decoding=\"async\" src=\"https:\/\/www.europesays.com\/fr\/wp-content\/uploads\/2025\/10\/671_96a32a6328bdfe5c8a6bcf51d3abe474.jpg\" alt=\"&quot;Incroyables&quot; : Jan Hoekstra raconte son arriv\u00e9e aux Girondins de Bordeaux\" class=\"img-responsive mt-3\"\/><\/p>\n<p class=\"text-center mb-3\" style=\"font-size: 14px\">\u00a9 Iconsport<\/p>\n<p>      <strong>Jan Hoekstra impressionn\u00e9 par les installations des Girondins de Bordeaux<\/strong><\/p>\n<p style=\"text-align: justify;\">Jan Hoekstra dans <a href=\"https:\/\/www.sudouest.fr\/sport\/football\/poitiers-girondins-de-bordeaux-integration-selections-courtois-supporters-a-la-decouverte-du-gardien-jan-hoekstra-26185595.php\" target=\"_blank\" rel=\"noopener\">Sud Ouest<\/a> : \u00ab\u00a0Je savais que les Girondins \u00e9taient un grand club. Mais je ne savais rien de la situation actuelle. J\u2019ai regard\u00e9 sur Internet. \u00c7a m\u2019a un peu effray\u00e9 : il n\u2019y avait que des choses n\u00e9gatives. Mais je suis venu visiter, j\u2019ai trouv\u00e9 incroyables les installations, le stade, la ville. J\u2019ai discut\u00e9 avec John, j\u2019ai \u00e9t\u00e9 convaincu.\u00a0\u00bb<\/p>\n<p style=\"text-align: justify;\">Il poursuit :<\/p>\n<p style=\"text-align: justify;\">\u00ab\u00a0Le plus difficile, c\u2019est la langue. \u00c0 part Ruben (Droenhle), Eric (Vandenabeele), Guillaume (Odru), et le coach, personne ne parle un mot d\u2019anglais. D\u00e8s mon arriv\u00e9e, je me suis retrouv\u00e9 immerg\u00e9 en stage \u00e0 Capbreton. \u00c7a nous a permis de nous conna\u00eetre et maintenant je me sens comme un Fran\u00e7ais. J\u2019essaie de faire des blagues, eux essaient aussi de parler un peu anglais.\u00a0\u00bb<\/p>\n<p>Jan Hoekstra a r\u00e9alis\u00e9 un cleansheet en 6 matchs cette saison. Il sera titulaire ce samedi \u00e0 18h face au Stade Poitevin pour la 7e journ\u00e9e de National 2.<\/p>\n<p>\u00c0 lire aussi &gt;&gt; <strong><a href=\"https:\/\/www.webgirondins.com\/actualite-girondins-entretien-luc-davaillon-stade-poitevin-previent-les-girondins-avant-le-match-de-samedi-130660\" target=\"_blank\" rel=\"noopener\">Entretien<\/a>.<\/strong><strong><a href=\"https:\/\/www.webgirondins.com\/actualite-girondins-entretien-luc-davaillon-stade-poitevin-previent-les-girondins-avant-le-match-de-samedi-130660\" target=\"_blank\" rel=\"noopener\">Luc Davaillon (Stade Poitevin) pr\u00e9vient les Girondins avant le match de samedi<\/a><\/strong><\/p>\n<p>Notre podcast court sur l&rsquo;actu des Girondins \u00e0 \u00e9couter :<\/p>\n","protected":false},"excerpt":{"rendered":"\u00a9 Iconsport Jan Hoekstra impressionn\u00e9 par les installations des Girondins de Bordeaux Jan Hoekstra dans Sud Ouest :&hellip;\n","protected":false},"author":2,"featured_media":438519,"comment_status":"","ping_status":"","sticky":false,"template":"","format":"standard","meta":{"footnotes":""},"categories":[2817],"tags":[1111,11,15200,9237,1997,6074,1777,674,1011,27,2905,1987,40514,56552,2561,12,2219,22409,9068,25,56553],"class_list":{"0":"post-438518","1":"post","2":"type-post","3":"status-publish","4":"format-standard","5":"has-post-thumbnail","7":"category-bordeaux","8":"tag-actu","9":"tag-actualites","10":"tag-arrive","11":"tag-arrivee","12":"tag-bordeaux","13":"tag-confie","14":"tag-eu","15":"tag-europe","16":"tag-fr","17":"tag-france","18":"tag-gironde","19":"tag-girondins","20":"tag-hoekstra","21":"tag-incroyables","22":"tag-mois","23":"tag-news","24":"tag-nouvelle-aquitaine","25":"tag-premiers","26":"tag-raconte","27":"tag-republique-francaise","28":"tag-ressenti"},"share_on_mastodon":{"url":"https:\/\/pubeurope.com\/@fr\/115315684891969266","error":""},"_links":{"self":[{"href":"https:\/\/www.europesays.com\/fr\/wp-json\/wp\/v2\/posts\/438518","targetHints":{"allow":["GET"]}}],"collection":[{"href":"https:\/\/www.europesays.com\/fr\/wp-json\/wp\/v2\/posts"}],"about":[{"href":"https:\/\/www.europesays.com\/fr\/wp-json\/wp\/v2\/types\/post"}],"author":[{"embeddable":true,"href":"https:\/\/www.europesays.com\/fr\/wp-json\/wp\/v2\/users\/2"}],"replies":[{"embeddable":true,"href":"https:\/\/www.europesays.com\/fr\/wp-json\/wp\/v2\/comments?post=438518"}],"version-history":[{"count":0,"href":"https:\/\/www.europesays.com\/fr\/wp-json\/wp\/v2\/posts\/438518\/revisions"}],"wp:featuredmedia":[{"embeddable":true,"href":"https:\/\/www.europesays.com\/fr\/wp-json\/wp\/v2\/media\/438519"}],"wp:attachment":[{"href":"https:\/\/www.europesays.com\/fr\/wp-json\/wp\/v2\/media?parent=438518"}],"wp:term":[{"taxonomy":"category","embeddable":true,"href":"https:\/\/www.europesays.com\/fr\/wp-json\/wp\/v2\/categories?post=438518"},{"taxonomy":"post_tag","embeddable":true,"href":"https:\/\/www.europesays.com\/fr\/wp-json\/wp\/v2\/tags?post=438518"}],"curies":[{"name":"wp","href":"https:\/\/api.w.org\/{rel}","templated":true}]}}