{"id":438520,"date":"2025-10-04T11:34:13","date_gmt":"2025-10-04T11:34:13","guid":{"rendered":"https:\/\/www.europesays.com\/fr\/438520\/"},"modified":"2025-10-04T11:34:13","modified_gmt":"2025-10-04T11:34:13","slug":"toulouse-les-nouveaux-restos-qui-viennent-douvrir-a-tester-selon-le-mangeur-masque","status":"publish","type":"post","link":"https:\/\/www.europesays.com\/fr\/438520\/","title":{"rendered":"Toulouse. Les nouveaux restos qui viennent d&rsquo;ouvrir \u00e0 tester, selon le Mangeur Masqu\u00e9\u00a0!"},"content":{"rendered":"<p>            Par<br \/>\n        <strong><br \/>\n            <a href=\"https:\/\/actu.fr\/auteur\/redaction-toulouse\" title=\"Consulter tous les articles de R\u00e9daction de Toulouse\" target=\"_blank\" rel=\"noopener\">R\u00e9daction de Toulouse<\/a><br \/>\n        <\/strong><\/p>\n<p>        Publi\u00e9 le<\/p>\n<p>            4 oct. 2025 \u00e0 13h10        <\/p>\n<p>Lui n\u2019est pas nouveau. Mais son resto, oui. Avec <strong><a href=\"https:\/\/actu.fr\/occitanie\/toulouse_31555\/restaurants-a-toulouse-le-coup-de-food-du-mangeur-masque-nicolas-servant-retour-gagnant_63201852.html\" target=\"_blank\" rel=\"noopener\">Le Servant<\/a><\/strong> (rue des Teinturiers), le chef <strong>Nicolas Servant<\/strong> retrouve un endroit rien qu\u2019\u00e0 lui, apr\u00e8s un passage remarqu\u00e9 (et remarquable) dans les cuisines de <strong>l\u2019Alouette<\/strong>. Son style est rest\u00e9 le m\u00eame, et c\u2019est tant mieux : incarn\u00e9, concentr\u00e9 sur le produit, avec une passion pour les jus, les sauces et les abats.\u00a0<\/p>\n<p>Coq en stock<br \/>\n    <img   decoding=\"async\" loading=\"lazy\" class=\"size-large\" src=\"https:\/\/www.europesays.com\/fr\/wp-content\/uploads\/2025\/10\/033d26e03ad86473d26e03ad86b3d2v-960x640.jpg\" alt=\"ODOM, o\u00f9 la plus belle terrasse de Toulouse\" width=\"960\" height=\"640\"\/><br \/>\n    ODOM, o\u00f9 la plus belle terrasse de Toulouse \u00a9L.M.M.<\/p>\n<p class=\" wall-content\">Autre nouvelle adresse d\u00e9j\u00e0 tr\u00e8s prometteuse : <strong>ODOM<\/strong>, avec sa vue \u00e9clatante sur le d\u00f4me de la Grave, ses assiettes joliment travaill\u00e9es (qu\u2019on aimerait parfois un peu plus fournies) et un service aussi agr\u00e9able que le cadre.<\/p>\n<p class=\" wall-content\">Eux n\u2019ont quasiment rien chang\u00e9. \u00c0 un d\u00e9tail pr\u00e8s : le nom et la trajectoire du restaurant. Fini Le Contre-pied et ses prix parfois un peu trop \u00e9lev\u00e9s. Place maintenant au <strong>Coq en p\u00e2te<\/strong>. Toujours rue des Pr\u00eatres aux Carmes, toujours le m\u00eame duo cheffe-sommelier \u00e0 la barre (Ana\u00efs Sadek et Thibault Martin) pour ce n\u00e9o bistrot aux additions plus \u00a0\u00bb douces \u00a0\u00bb (menu \u00e0 23\u20ac le midi, 36\u20ac le soir). Sur les ardoises, de beaux morceaux de patrimoine : velout\u00e9 de c\u00e8pes, terrine, porc noir confit, baba \u00e0 l\u2019Armagnac qui a de la gnaque !<\/p>\n<p>Jamais trop de gastro<\/p>\n<p class=\" wall-content\">Et toujours de tr\u00e8s bonnes bouteilles pour habiller les murs et remplir les verres. Au chapitre \u00a0\u00bb retour tr\u00e8s attendu \u00ab\u00a0, celui de <strong>MAM<\/strong>. Apr\u00e8s avoir r\u00e9gal\u00e9 la rue du Rempart Villeneuve avec ses croque-monsieur remplis d\u2019amour et de fromage, ce resto tr\u00e8s attachant remet le couvert, cette fois avenue de la Gloire, dans un lieu nettement plus grand, ouvert midi ET soir (c\u2019est la nouveaut\u00e9).<\/p>\n<p class=\" wall-content\">Sans forc\u00e9ment se l\u2019avouer, c\u2019est le Michelin qu\u2019ils visent. <strong>L\u2019\u00c9corce<\/strong> (rue de l\u2019Esquile) <a href=\"https:\/\/actu.fr\/occitanie\/toulouse_31555\/toulouse-avec-son-restaurant-l-ecorce-ce-chef-au-parcours-etoile-prend-la-suite-des-p-tits-fayots_62849135.html\" target=\"_blank\" rel=\"noopener\">en lieu et place des P\u2019tits Fayots,<\/a> ou encore <strong>Source<\/strong> (avenue Saint-Exup\u00e9ry) qui a succ\u00e9d\u00e9 \u00e0 Mets Racines (mon resto pr\u00e9f\u00e9r\u00e9 \u00e0 Toulouse). Deux nouvelles adresses (bient\u00f4t d\u00e9masqu\u00e9es\u2026) qui affichent de belles ambitions, et c\u2019est tant mieux !<\/p>\n<p>Votre r\u00e9gion, votre actu !<\/p>\n<p>Recevez chaque jour les infos qui comptent pour vous.<\/p>\n<p>\t<a href=\"https:\/\/actu.fr\/newsletter\" class=\"ac-btn ac-btn--corner ac-btn--medium ac-btn--blue800\" target=\"_blank\" rel=\"noopener\">S&rsquo;incrire<\/a><br \/>\nEncore un peu de patience !\u00a0<\/p>\n<p class=\" wall-content\">Enfin, plus que quelques jours \u00e0 patienter et ils seront ouverts : <strong>CRUSH<\/strong> et ses sandwichs gourmands et sains rue Gambetta (avec le pain de la boulangerie La Halle aux Pains), le <strong>Caf\u00e9 Manine<\/strong> en lieu et place du bistrot des Halles en face du march\u00e9 couvert de Saint-Cyprien. Sans oublier la pizzeria <strong>DOH<\/strong> (pizza au levain, vin nature et ice cream), toujours \u00e0 Saint-Cyprien, avec pour mission de rendre la place de l\u2019Estrapade encore plus incontournable.<\/p>\n<p>    <img   decoding=\"async\" loading=\"lazy\" class=\"size-large\" src=\"https:\/\/www.europesays.com\/fr\/wp-content\/uploads\/2025\/10\/967126e03ad868a7126e03ad86e712v-960x640.jpg\" alt=\"Quel plaisir de voir de belles terrines revenir squatter les assiettes\" width=\"960\" height=\"640\"\/><br \/>\n    Quel plaisir de voir de belles terrines revenir squatter les assiettes \u00a9L.M.M.<\/p>\n<p class=\" wall-content\"><b>LE MANGEUR MASQU\u00c9 <\/b><br \/>Suivez-le sur Insta : <a href=\"https:\/\/www.instagram.com\/le_mangeur_masque\/?hl=fr\" target=\"_blank\" rel=\"noopener\">@le_mangeur_masque<\/a><\/p>\n<p class=\" wall-content\">Personnalisez votre actualit\u00e9 en ajoutant vos villes et m\u00e9dias en favori avec <a href=\"https:\/\/moncompte.actu.fr\" title=\"D\u00e9couvez Mon Actu\" rel=\"nofollow noopener\" data-trk=\"{&quot;cta&quot;:{&quot;action&quot;:&quot;https:\\\/\\\/moncompte.actu.fr&quot;,&quot;category&quot;:&quot;mon compte&quot;,&quot;from&quot;:&quot;article footer&quot;,&quot;name&quot;:&quot;Mon actu&quot;,&quot;type&quot;:&quot;cta&quot;}}\" target=\"_blank\">Mon Actu<\/a>.<\/p>\n<p>                    <script async src=\"\/\/www.instagram.com\/embed.js\"><\/script><\/p>\n","protected":false},"excerpt":{"rendered":"Par R\u00e9daction de Toulouse Publi\u00e9 le 4 oct. 2025 \u00e0 13h10 Lui n\u2019est pas nouveau. Mais son resto,&hellip;\n","protected":false},"author":2,"featured_media":438521,"comment_status":"","ping_status":"","sticky":false,"template":"","format":"standard","meta":{"footnotes":""},"categories":[2816],"tags":[1111,11,1777,674,1011,27,1652,12,2680,25,2850,1341,2312],"class_list":{"0":"post-438520","1":"post","2":"type-post","3":"status-publish","4":"format-standard","5":"has-post-thumbnail","7":"category-toulouse","8":"tag-actu","9":"tag-actualites","10":"tag-eu","11":"tag-europe","12":"tag-fr","13":"tag-france","14":"tag-loisirs-culture","15":"tag-news","16":"tag-occitanie","17":"tag-republique-francaise","18":"tag-restaurants-de-toulouse","19":"tag-sortir-a-toulouse","20":"tag-toulouse"},"share_on_mastodon":{"url":"https:\/\/pubeurope.com\/@fr\/115315688390071955","error":""},"_links":{"self":[{"href":"https:\/\/www.europesays.com\/fr\/wp-json\/wp\/v2\/posts\/438520","targetHints":{"allow":["GET"]}}],"collection":[{"href":"https:\/\/www.europesays.com\/fr\/wp-json\/wp\/v2\/posts"}],"about":[{"href":"https:\/\/www.europesays.com\/fr\/wp-json\/wp\/v2\/types\/post"}],"author":[{"embeddable":true,"href":"https:\/\/www.europesays.com\/fr\/wp-json\/wp\/v2\/users\/2"}],"replies":[{"embeddable":true,"href":"https:\/\/www.europesays.com\/fr\/wp-json\/wp\/v2\/comments?post=438520"}],"version-history":[{"count":0,"href":"https:\/\/www.europesays.com\/fr\/wp-json\/wp\/v2\/posts\/438520\/revisions"}],"wp:featuredmedia":[{"embeddable":true,"href":"https:\/\/www.europesays.com\/fr\/wp-json\/wp\/v2\/media\/438521"}],"wp:attachment":[{"href":"https:\/\/www.europesays.com\/fr\/wp-json\/wp\/v2\/media?parent=438520"}],"wp:term":[{"taxonomy":"category","embeddable":true,"href":"https:\/\/www.europesays.com\/fr\/wp-json\/wp\/v2\/categories?post=438520"},{"taxonomy":"post_tag","embeddable":true,"href":"https:\/\/www.europesays.com\/fr\/wp-json\/wp\/v2\/tags?post=438520"}],"curies":[{"name":"wp","href":"https:\/\/api.w.org\/{rel}","templated":true}]}}