{"id":438524,"date":"2025-10-04T11:37:12","date_gmt":"2025-10-04T11:37:12","guid":{"rendered":"https:\/\/www.europesays.com\/fr\/438524\/"},"modified":"2025-10-04T11:37:12","modified_gmt":"2025-10-04T11:37:12","slug":"lille-psg-kvaratskhelia-et-doue-toujours-absents-neves-et-ruiz-egalement-forfaits","status":"publish","type":"post","link":"https:\/\/www.europesays.com\/fr\/438524\/","title":{"rendered":"Lille-PSG\u00a0: Kvaratskhelia et Dou\u00e9 toujours absents, Neves et Ruiz \u00e9galement forfaits"},"content":{"rendered":"<p class=\"paragraph text_align_left lp-f-body-02\">Luis Enrique va devoir continuer \u00e0 innover.<a href=\"https:\/\/www.leparisien.fr\/sports\/football\/psg\/psg-barcola-neves-doue-dembele-quand-vont-revenir-les-joueurs-blesses-24-09-2025-STZE7PBXQJEH7LMI3HELK422C4.php#:~:text=D%C3%A9sir%C3%A9%20Dou%C3%A9%2C%20annonc%C3%A9%20out%20pour,dans%20son%20processus%20de%20reprise.\" target=\"_blank\" rel=\"noreferrer nofollow noopener\"> Priv\u00e9 de plusieurs cadres de l\u2019\u00e9quipe<\/a> lors du d\u00e9placement \u00e0 Barcelone en Ligue des champions mercredi, l\u2019entra\u00eeneur <a href=\"https:\/\/www.leparisien.fr\/sports\/football\/psg\/\" target=\"_blank\" rel=\"noreferrer nofollow noopener\">du Paris Saint-Germain<\/a> ne pourra toujours pas compter sur un effectif au complet ce dimanche \u00e0 Lille. Outre Marquinhos, toujours en soins apr\u00e8s sa blessure au quadriceps gauche, cinq joueurs sont absents.<\/p>\n<p class=\"paragraph text_align_left lp-f-body-02\">Si <a href=\"https:\/\/www.leparisien.fr\/sports\/football\/psg\/psg-pourquoi-ousmane-dembele-est-parti-se-soigner-au-qatar-29-09-2025-PQFM4P6CCZBV7JIRBQAJ755GOM.php\" target=\"_blank\" rel=\"noreferrer nofollow noopener\">Ousmane Demb\u00e9l\u00e9 est toujours \u00e0 Doha, au Qatar<\/a>, pour suivre sa r\u00e9\u00e9ducation \u00e0 la clinique Aspetar, Fabi\u00e1n Ruiz doit aussi faire l\u2019impasse sur le d\u00e9placement dans le Nord. L\u2019Espagnol est touch\u00e9 \u00e0 l\u2019adducteur, comme le confirme le PSG. Victime d\u2019une g\u00eane musculaire \u00e0 l\u2019ischio-jambier, <a href=\"https:\/\/www.leparisien.fr\/sports\/football\/khvicha-kvaratskhelia\/\" target=\"_blank\" rel=\"noreferrer nofollow noopener\">Khvicha Kvaratskhelia<\/a> doit encore patienter avant de faire son retour sur les terrains.<\/p>\n<p class=\"paragraph text_align_left lp-f-body-02\">Outre ses quatre \u00e9l\u00e9ments importants, Jo\u00e3o Neves et D\u00e9sir\u00e9 Dou\u00e9 sont \u00e9galement forfaits pour cette rencontre de la 7e journ\u00e9e <a href=\"https:\/\/www.leparisien.fr\/sports\/football\/ligue-1\/\" target=\"_blank\" rel=\"noreferrer nofollow noopener\">de Ligue 1<\/a>. Alors qu\u2019il devait \u00eatre titulaire en Ligue des champions, le Portugais avait \u00e9t\u00e9 retir\u00e9 de la feuille de match \u00e0 la derni\u00e8re minute apr\u00e8s avoir ressenti de mauvaises sensations \u00e0 l\u2019\u00e9chauffement. Il sera encore m\u00e9nag\u00e9 ce dimanche. D\u00e9sir\u00e9 Dou\u00e9 est, lui, touch\u00e9 au mollet droit depuis le match France-Ukraine et est attendu apr\u00e8s la tr\u00eave internationale.<\/p>\n","protected":false},"excerpt":{"rendered":"Luis Enrique va devoir continuer \u00e0 innover. Priv\u00e9 de plusieurs cadres de l\u2019\u00e9quipe lors du d\u00e9placement \u00e0 Barcelone&hellip;\n","protected":false},"author":2,"featured_media":438525,"comment_status":"","ping_status":"","sticky":false,"template":"","format":"standard","meta":{"footnotes":""},"categories":[2815],"tags":[1111,11,1777,674,63,1011,27,811,66,1307,12,25,60],"class_list":{"0":"post-438524","1":"post","2":"type-post","3":"status-publish","4":"format-standard","5":"has-post-thumbnail","7":"category-lille","8":"tag-actu","9":"tag-actualites","10":"tag-eu","11":"tag-europe","12":"tag-football","13":"tag-fr","14":"tag-france","15":"tag-hauts-de-france","16":"tag-ligue-1","17":"tag-lille","18":"tag-news","19":"tag-republique-francaise","20":"tag-sports"},"share_on_mastodon":{"url":"https:\/\/pubeurope.com\/@fr\/115315700177782128","error":""},"_links":{"self":[{"href":"https:\/\/www.europesays.com\/fr\/wp-json\/wp\/v2\/posts\/438524","targetHints":{"allow":["GET"]}}],"collection":[{"href":"https:\/\/www.europesays.com\/fr\/wp-json\/wp\/v2\/posts"}],"about":[{"href":"https:\/\/www.europesays.com\/fr\/wp-json\/wp\/v2\/types\/post"}],"author":[{"embeddable":true,"href":"https:\/\/www.europesays.com\/fr\/wp-json\/wp\/v2\/users\/2"}],"replies":[{"embeddable":true,"href":"https:\/\/www.europesays.com\/fr\/wp-json\/wp\/v2\/comments?post=438524"}],"version-history":[{"count":0,"href":"https:\/\/www.europesays.com\/fr\/wp-json\/wp\/v2\/posts\/438524\/revisions"}],"wp:featuredmedia":[{"embeddable":true,"href":"https:\/\/www.europesays.com\/fr\/wp-json\/wp\/v2\/media\/438525"}],"wp:attachment":[{"href":"https:\/\/www.europesays.com\/fr\/wp-json\/wp\/v2\/media?parent=438524"}],"wp:term":[{"taxonomy":"category","embeddable":true,"href":"https:\/\/www.europesays.com\/fr\/wp-json\/wp\/v2\/categories?post=438524"},{"taxonomy":"post_tag","embeddable":true,"href":"https:\/\/www.europesays.com\/fr\/wp-json\/wp\/v2\/tags?post=438524"}],"curies":[{"name":"wp","href":"https:\/\/api.w.org\/{rel}","templated":true}]}}