{"id":438528,"date":"2025-10-04T11:39:16","date_gmt":"2025-10-04T11:39:16","guid":{"rendered":"https:\/\/www.europesays.com\/fr\/438528\/"},"modified":"2025-10-04T11:39:16","modified_gmt":"2025-10-04T11:39:16","slug":"moselle-fc-metz-olympique-de-marseille-interdiction-dafficher-ses-couleurs-pour-lom-a-saint-symphorien","status":"publish","type":"post","link":"https:\/\/www.europesays.com\/fr\/438528\/","title":{"rendered":"Moselle. FC Metz &#8211; Olympique de Marseille : interdiction d\u2019afficher ses couleurs pour l\u2019OM \u00e0 Saint-Symphorien"},"content":{"rendered":"<p>M\u00eame sous la\u00a0pluie, l\u2019Olympique de Marseille reste un adversaire \u00e0 part pour le FC Metz et ses supporters. Partout o\u00f9 ils passent, les champions d\u2019Europe 1993 ne laissent personne indiff\u00e9rent. Et les hommes et femmes de la s\u00e9curit\u00e9 publique restent particuli\u00e8rement\u2026 vigilants.<\/p>\n<p>Ainsi, en vue du match de <a href=\"https:\/\/www.republicain-lorrain.fr\/sport\/2025\/09\/30\/fc-metz-olympique-de-marseille-quel-resultat-pour-les-grenats\" target=\"_blank\" rel=\"noopener\">ce samedi 4\u00a0octobre (17\u00a0h) \u00e0 Saint-Symphorien<\/a> , tout supporter du camp adverse affichant les couleurs de l\u2019OM est tout bonnement interdit de stade. C\u2019est la pr\u00e9fecture qui l\u2019ordonne. Interdiction de stade mais aussi de para\u00eetre, toujours avec son maillot ou son \u00e9charpe, dans tout le centre-ville de Metz mais aussi sur le territoire de Longeville-l\u00e8s-Metz et Montigny-l\u00e8s-Metz dans un p\u00e9rim\u00e8tre d\u00e9limit\u00e9 sur le plan ci-dessous.<\/p>\n<p>  \u00c0 guichets ferm\u00e9s<\/p>\n<p>\u00ab\u00a0Seule exception \u00e0 cette interdiction\u00a0: les personnes effectuant le d\u00e9placement en bus et minibus organis\u00e9 par le club de l\u2019Olympique de Marseille, escort\u00e9s par les forces de s\u00e9curit\u00e9 int\u00e9rieure\u00a0\u00bb, pr\u00e9cisent les services de l\u2019\u00c9tat dans un communiqu\u00e9. Naturellement, l\u2019utilisation de p\u00e9tards ou de fumig\u00e8nes reste proscrite dans le stade, <a href=\"https:\/\/www.republicain-lorrain.fr\/sport\/2025\/10\/02\/une-affiche-a-guichets-fermes-un-retour-et-un-absent-mikautadze-buteur-en-ligue-des-champions-c-est-l-actualite-du-fc-metz\" target=\"_blank\" rel=\"noopener\">qui sera plein comme un \u0153uf<\/a> , et aux abords.<\/p>\n<p>Ce contenu est bloqu\u00e9 car vous n&rsquo;avez pas accept\u00e9 les cookies et autres traceurs.<\/p>\n<p>En cliquant sur \u00ab J\u2019accepte \u00bb, les cookies et autres traceurs seront d\u00e9pos\u00e9s et vous pourrez visualiser les contenus  (<a href=\"\" class=\"consentModule_policy\" target=\"_blank\" title=\"Consulter la politique de protection des donn\u00e9es du fournisseur\">plus d&rsquo;informations<\/a>).<\/p>\n<p>En cliquant sur \u00ab J\u2019accepte tous les cookies \u00bb, vous autorisez des d\u00e9p\u00f4ts de cookies et autres traceurs pour le stockage de vos donn\u00e9es sur nos sites et applications \u00e0 des fins de personnalisation et de ciblage publicitaire.<\/p>\n<p class=\"consentModule_secondaryText\">Vous gardez la possibilit\u00e9 de retirer votre consentement \u00e0 tout moment en consultant notre <a href=\"https:\/\/www.republicain-lorrain.fr\/protection-des-donnees\" target=\"_blank\" title=\"Consulter notre politique de protection des donn\u00e9es\" rel=\"noopener\">politique de protection des donn\u00e9es<\/a>. <br \/>&#13;<br \/>\n            <a href=\"https:\/\/www.republicain-lorrain.fr\/faits-divers-justice\/2025\/10\/04\/javascript:Didomi.notice.show()\" class=\"consentModule_cmp\" target=\"_blank\" rel=\"noopener\">G\u00e9rer mes choix<\/a>&#13;\n        <\/p>\n<p>&#13;<br \/>\n                        J&rsquo;accepte&#13;<br \/>\n            J&rsquo;accepte tous les cookies&#13;\n        <\/p>\n<p>Du c\u00f4t\u00e9 des services de police, on reste tout de m\u00eame serein quant \u00e0 la venue de cet adversaire pas comme les autres\u00a0: \u00ab\u00a0Dispositif de s\u00e9curisation classique, avec les diff\u00e9rentes unit\u00e9s \u201cvoie publique\u201d sur le terrain\u00a0\u00bb. Mais vu la position de chacun au championnat (les Grenats, lanterne rouge\u00a0; l\u2019OM, 3e\u00a0\u00a0et \u00e0 la poursuite de Paris), nul doute que la surveillance sera tout de m\u00eame rehauss\u00e9e d\u2019un cran\u2026<\/p>\n","protected":false},"excerpt":{"rendered":"M\u00eame sous la\u00a0pluie, l\u2019Olympique de Marseille reste un adversaire \u00e0 part pour le FC Metz et ses supporters.&hellip;\n","protected":false},"author":2,"featured_media":438529,"comment_status":"","ping_status":"","sticky":false,"template":"","format":"standard","meta":{"footnotes":""},"categories":[2814],"tags":[1111,11,15834,14238,5598,7162,1777,674,274,1011,27,884,6212,6213,5599,12,882,3456,25,1700],"class_list":{"0":"post-438528","1":"post","2":"type-post","3":"status-publish","4":"format-standard","5":"has-post-thumbnail","7":"category-marseille","8":"tag-actu","9":"tag-actualites","10":"tag-edition-briey","11":"tag-edition-longwy","12":"tag-edition-metz-et-agglomeration","13":"tag-edition-thionville-hayange","14":"tag-eu","15":"tag-europe","16":"tag-faits-divers-justice","17":"tag-fr","18":"tag-france","19":"tag-marseille","20":"tag-metz","21":"tag-metz-ville-57b","22":"tag-moselle","23":"tag-news","24":"tag-provence-alpes-cote-dazur","25":"tag-region-lorraine","26":"tag-republique-francaise","27":"tag-sport-lorrain"},"share_on_mastodon":{"url":"https:\/\/pubeurope.com\/@fr\/115315708012008992","error":""},"_links":{"self":[{"href":"https:\/\/www.europesays.com\/fr\/wp-json\/wp\/v2\/posts\/438528","targetHints":{"allow":["GET"]}}],"collection":[{"href":"https:\/\/www.europesays.com\/fr\/wp-json\/wp\/v2\/posts"}],"about":[{"href":"https:\/\/www.europesays.com\/fr\/wp-json\/wp\/v2\/types\/post"}],"author":[{"embeddable":true,"href":"https:\/\/www.europesays.com\/fr\/wp-json\/wp\/v2\/users\/2"}],"replies":[{"embeddable":true,"href":"https:\/\/www.europesays.com\/fr\/wp-json\/wp\/v2\/comments?post=438528"}],"version-history":[{"count":0,"href":"https:\/\/www.europesays.com\/fr\/wp-json\/wp\/v2\/posts\/438528\/revisions"}],"wp:featuredmedia":[{"embeddable":true,"href":"https:\/\/www.europesays.com\/fr\/wp-json\/wp\/v2\/media\/438529"}],"wp:attachment":[{"href":"https:\/\/www.europesays.com\/fr\/wp-json\/wp\/v2\/media?parent=438528"}],"wp:term":[{"taxonomy":"category","embeddable":true,"href":"https:\/\/www.europesays.com\/fr\/wp-json\/wp\/v2\/categories?post=438528"},{"taxonomy":"post_tag","embeddable":true,"href":"https:\/\/www.europesays.com\/fr\/wp-json\/wp\/v2\/tags?post=438528"}],"curies":[{"name":"wp","href":"https:\/\/api.w.org\/{rel}","templated":true}]}}