{"id":438535,"date":"2025-10-04T11:44:11","date_gmt":"2025-10-04T11:44:11","guid":{"rendered":"https:\/\/www.europesays.com\/fr\/438535\/"},"modified":"2025-10-04T11:44:11","modified_gmt":"2025-10-04T11:44:11","slug":"comment-une-personne-isolee-revit-socialement-grace-a-un-benevole","status":"publish","type":"post","link":"https:\/\/www.europesays.com\/fr\/438535\/","title":{"rendered":"comment une personne isol\u00e9e revit socialement gr\u00e2ce \u00e0 un b\u00e9n\u00e9vole"},"content":{"rendered":"<p class=\"article__intro\">Un r\u00e9cent barom\u00e8tre de l&rsquo;association Les petits fr\u00e8res des pauvres confirme l&rsquo;isolement des personnes \u00e2g\u00e9es. Pour tenter de le limiter, des b\u00e9n\u00e9voles vont \u00e0 leur rencontre pour les distraire. Rencontre avec un bin\u00f4me, qui se tire vers le haut.<\/p>\n<p>\n      La Quotidienne Soci\u00e9t\u00e9\n    <\/p>\n<p>\n      De la vie quotidienne aux grands enjeux, recevez tous les jours les sujets qui font la soci\u00e9t\u00e9 locale, comme la justice, l\u2019\u00e9ducation, la sant\u00e9 et la famille.\n    <\/p>\n<p>    France T\u00e9l\u00e9visions utilise votre adresse e-mail afin de vous envoyer la newsletter \u00ab\u00a0La Quotidienne Soci\u00e9t\u00e9\u00a0\u00bb. Vous pouvez vous d\u00e9sinscrire \u00e0 tout moment via le lien en bas de cette newsletter. <a target=\"_blank\" href=\"https:\/\/www.francetelevisions.fr\/groupe\/confidentialite\/politique-de-confidentialite\/politique-de-confidentialite-de-france-televisions-6503\" rel=\"nofollow noopener\">Notre politique de confidentialit\u00e9<\/a><\/p>\n<p>La retraite est per\u00e7ue comme une lib\u00e9ration pour les personnes \u00e2g\u00e9es, mais elle se transforme souvent en isolement. Selon le dernier barom\u00e8tre de l&rsquo;association les petits fr\u00e8res des pauvres, 750 000 personnes sont concern\u00e9es en France, un chiffre en augmentation de 42% en quatre ans.\u00a0<\/p>\n<\/p>\n<p>En Occitanie, 1 600 personnes sont accompagn\u00e9es par l&rsquo;association. Parmi elles, \u00c9lisabeth Gardelle, seule depuis pr\u00e8s de 20 ans et touch\u00e9e par la maladie. Cette ancienne comptable souffre et pose un constat lucide sur les cons\u00e9quences de ce mal-\u00eatre.\u00a0<\/p>\n<p>\u00ab\u00a0On pense beaucoup, pas forc\u00e9ment \u00e0 des bonnes choses. Hier par exemple, j&rsquo;ai eu un moment noir, avec des difficult\u00e9s, une solitude que j&rsquo;ai ressentie\u00a0\u00bb, d\u00e9crit-elle calmement. \u00ab\u00a0Je ne sais pas comment l&rsquo;exprimer.\u00a0\u00bb<\/p>\n<blockquote class=\"ftvi_content_quote\">\n<p class=\"ftvi_citation_quote\">\u00ab\u00a0C&rsquo;est dur surtout quand on a eu l&rsquo;habitude d&rsquo;avoir du monde autour de soi, d&rsquo;aider les gens, d&rsquo;avoir un partage. Ce sont des choses que je ne peux plus faire.\u00a0\u00bb<\/p>\n<p>Elisabeth Gardelle<\/p>\n<p class=\"ftvi_citation_source\">Personne isol\u00e9e<\/p>\n<\/blockquote>\n<p>Une souffrance quotidienne, temporairement combl\u00e9e par la visite d&rsquo;Emmanuel Edimo, son auxiliaire de vie et b\u00e9n\u00e9vole au sein de l&rsquo;association depuis un an et demi. \u00ab\u00a0J&rsquo;apporte la joie, et je lui donne le sentiment qu&rsquo;il y a toujours une famille pr\u00e9sente autour d&rsquo;elle\u00a0\u00bb, partage-t-il. \u00ab\u00a0Je suis n\u00e9 et j&rsquo;ai grandi avec ma grand-m\u00e8re. \u00c7a me touche. Cet amour-l\u00e0 compte pour moi.\u00a0\u00bb<\/p>\n<\/p>\n<p>Gr\u00e2ce \u00e0 ses visites, Elisabeth Gardelle peut d\u00e9sormais faire des rencontres, aller au restaurant, ou partir en vacances. Des sorties qu&rsquo;elle ne pouvait plus faire seule. \u00ab\u00a0\u00c7a fait du bien de voir des nouvelles personnes. \u00c7a m&rsquo;apporte beaucoup\u00a0\u00bb, avoue-t-elle. \u00ab\u00a0J&rsquo;essaie de rire avec Emmanuel, pour lui all\u00e9ger le boulot. Il me donne tellement, il rayonne, il rit tout le temps. On a une complicit\u00e9.\u00a0\u00bb<\/p>\n<p>En plus de l&rsquo;isolement, ces personnes tombent parfois dans une mort sociale. \u00ab\u00a0Une personne se l\u00e8ve le matin et se couche le soir sans avoir vu ni parl\u00e9 \u00e0 quelqu&rsquo;un. Elle n&rsquo;a rien v\u00e9cu\u00a0\u00bb, analyse Florence Fitt\u00e8re, coordinatrice Petits fr\u00e8res des pauvres \u00e0 Toulouse, pointant au passage une soci\u00e9t\u00e9 \u00ab\u00a0de plus en plus individualiste\u00a0\u00bb qui accentue le ph\u00e9nom\u00e8ne.\u00a0<\/p>\n<p>Ce nouveau barom\u00e8tre confirme ce que l&rsquo;association \u00ab\u00a0remarque dans l&rsquo;accompagnement depuis plusieurs ann\u00e9es\u00a0\u00bb. Selon elle, le profil est souvent celui d&rsquo;une femme tr\u00e8s \u00e2g\u00e9e, avec une pr\u00e9carit\u00e9 grandissante, et un parcours de vie difficile comme un divorce ou des complications familiales.<\/p>\n<p>Le d\u00e9m\u00e9nagement de proches ou l&rsquo;envie de profiter de sa retraite au soleil peuvent aussi provoquer l&rsquo;isolement. \u00ab\u00a0On perd ce tissu relationnel, il faut tout recr\u00e9er. \u00c7a peut prendre du temps, avec la maladie peut \u00eatre l\u00e0\u00a0\u00bb, compl\u00e8te Florence Fitt\u00e8re.<\/p>\n<p>D\u2019ici 2030, un million de personnes \u00e2g\u00e9es pourraient se retrouver sans famille, sans amis, sans aucune relation sociale, selon l&rsquo;association.\u00a0<\/p>\n","protected":false},"excerpt":{"rendered":"Un r\u00e9cent barom\u00e8tre de l&rsquo;association Les petits fr\u00e8res des pauvres confirme l&rsquo;isolement des personnes \u00e2g\u00e9es. Pour tenter de&hellip;\n","protected":false},"author":2,"featured_media":438536,"comment_status":"","ping_status":"","sticky":false,"template":"","format":"standard","meta":{"footnotes":""},"categories":[1888],"tags":[1111,1928,11,1927,1777,674,1011,27,12,1926,626,1925,25],"class_list":{"0":"post-438535","1":"post","2":"type-post","3":"status-publish","4":"format-standard","5":"has-post-thumbnail","7":"category-paris","8":"tag-actu","9":"tag-actu-paris","10":"tag-actualites","11":"tag-actualites-paris","12":"tag-eu","13":"tag-europe","14":"tag-fr","15":"tag-france","16":"tag-news","17":"tag-news-paris","18":"tag-paris","19":"tag-paris-news","20":"tag-republique-francaise"},"share_on_mastodon":{"url":"https:\/\/pubeurope.com\/@fr\/115315727870303039","error":""},"_links":{"self":[{"href":"https:\/\/www.europesays.com\/fr\/wp-json\/wp\/v2\/posts\/438535","targetHints":{"allow":["GET"]}}],"collection":[{"href":"https:\/\/www.europesays.com\/fr\/wp-json\/wp\/v2\/posts"}],"about":[{"href":"https:\/\/www.europesays.com\/fr\/wp-json\/wp\/v2\/types\/post"}],"author":[{"embeddable":true,"href":"https:\/\/www.europesays.com\/fr\/wp-json\/wp\/v2\/users\/2"}],"replies":[{"embeddable":true,"href":"https:\/\/www.europesays.com\/fr\/wp-json\/wp\/v2\/comments?post=438535"}],"version-history":[{"count":0,"href":"https:\/\/www.europesays.com\/fr\/wp-json\/wp\/v2\/posts\/438535\/revisions"}],"wp:featuredmedia":[{"embeddable":true,"href":"https:\/\/www.europesays.com\/fr\/wp-json\/wp\/v2\/media\/438536"}],"wp:attachment":[{"href":"https:\/\/www.europesays.com\/fr\/wp-json\/wp\/v2\/media?parent=438535"}],"wp:term":[{"taxonomy":"category","embeddable":true,"href":"https:\/\/www.europesays.com\/fr\/wp-json\/wp\/v2\/categories?post=438535"},{"taxonomy":"post_tag","embeddable":true,"href":"https:\/\/www.europesays.com\/fr\/wp-json\/wp\/v2\/tags?post=438535"}],"curies":[{"name":"wp","href":"https:\/\/api.w.org\/{rel}","templated":true}]}}