{"id":438537,"date":"2025-10-04T11:45:18","date_gmt":"2025-10-04T11:45:18","guid":{"rendered":"https:\/\/www.europesays.com\/fr\/438537\/"},"modified":"2025-10-04T11:45:18","modified_gmt":"2025-10-04T11:45:18","slug":"robe-transparente-et-dents-argentees-heidi-klum-devient-la-reine-du-grunge-a-paris","status":"publish","type":"post","link":"https:\/\/www.europesays.com\/fr\/438537\/","title":{"rendered":"Robe transparente et dents argent\u00e9es, Heidi Klum devient la reine du grunge \u00e0 Paris"},"content":{"rendered":"<p>Au beau milieu de l\u2019apr\u00e8s-midi de ce vendredi 3\u00a0octobre, la plus grunge des marques de la <a href=\"https:\/\/www.parismatch.com\/dossiers\/fashion-week\" target=\"_blank\" rel=\"nofollow noopener\">Fashion Week<\/a> a pr\u00e9sent\u00e9 sa nouvelle collection \u00e0 Paris. Entre les murs d\u2019une adresse confidentielle du 8e arrondissement, le directeur artistique Guram Gvasalia (<a href=\"https:\/\/www.parismatch.com\/People\/en-images-demi-moore-sirene-dor-gucci-a-milan-257536\" target=\"_blank\" rel=\"nofollow noopener\">fr\u00e8re de Demna, le g\u00e9nie derri\u00e8re Gucci<\/a>) a plong\u00e9 ses spectateurs dans une ambiance industrielle et brute au rythme d\u2019une musique techno berlinoise.<\/p>\n<p>Dans le public, une c\u00e9l\u00e9brit\u00e9 a attir\u00e9 tous les regards. <a href=\"https:\/\/www.parismatch.com\/bio\/heidi-klum\" target=\"_blank\" rel=\"nofollow noopener\">Heidi Klum<\/a>, perch\u00e9e sur des talons d\u2019\u00e0 peu pr\u00e8s 200\u00a0cm, sa crini\u00e8re l\u00e2ch\u00e9e et ses dents grillag\u00e9es, n\u2019a laiss\u00e9 personne indiff\u00e9rent. V\u00eatue d\u2019une robe transparente sign\u00e9e Vetements, l\u2019ancien mannequin Allemand de 52\u00a0ans a expos\u00e9 sa plastique de r\u00eave sans rougir. Avec elle, <a href=\"https:\/\/www.parismatch.com\/People\/lete-dheidi-klum-et-tom-kaulitz-a-saint-barth-avec-lui-cest-passionne-et-sauvage-255227\" target=\"_blank\" rel=\"nofollow noopener\">son amoureux\u00a0<\/a><a href=\"https:\/\/www.parismatch.com\/People\/lete-dheidi-klum-et-tom-kaulitz-a-saint-barth-avec-lui-cest-passionne-et-sauvage-255227\" target=\"_blank\" rel=\"nofollow noopener\">Tom Kaulitz<\/a> et sa fille Leni Klum, tout aussi grunge qu\u2019Heidi.<\/p>\n<p>    La suite apr\u00e8s cette publicit\u00e9<\/p>\n<p>Heidi Klum, reine de Paris<\/p>\n<p>Apr\u00e8s le d\u00e9fil\u00e9, Heidi et sa fille sont parties bras dessus, bras dessous, en direction de l\u2019h\u00f4tel Costes. Sur place, elles ont retrouv\u00e9 les mannequins <a href=\"https:\/\/www.parismatch.com\/bio\/kaia-gerber\" target=\"_blank\" rel=\"nofollow noopener\">Kaia Gerber<\/a> et Vittoria Ceretti pour l\u2019after-party organis\u00e9e en cette sixi\u00e8me journ\u00e9e de la Fashion Week de Paris. Tom Kaulitz est ensuite apparu \u00e0 son tour, rejoignant sa bien-aim\u00e9e sous les flashs des photographes.<\/p>\n","protected":false},"excerpt":{"rendered":"Au beau milieu de l\u2019apr\u00e8s-midi de ce vendredi 3\u00a0octobre, la plus grunge des marques de la Fashion Week&hellip;\n","protected":false},"author":2,"featured_media":438538,"comment_status":"","ping_status":"","sticky":false,"template":"","format":"standard","meta":{"footnotes":""},"categories":[1888],"tags":[1111,1928,11,1927,1777,674,1011,27,12,1926,626,1925,25],"class_list":{"0":"post-438537","1":"post","2":"type-post","3":"status-publish","4":"format-standard","5":"has-post-thumbnail","7":"category-paris","8":"tag-actu","9":"tag-actu-paris","10":"tag-actualites","11":"tag-actualites-paris","12":"tag-eu","13":"tag-europe","14":"tag-fr","15":"tag-france","16":"tag-news","17":"tag-news-paris","18":"tag-paris","19":"tag-paris-news","20":"tag-republique-francaise"},"share_on_mastodon":{"url":"https:\/\/pubeurope.com\/@fr\/115315731671707969","error":""},"_links":{"self":[{"href":"https:\/\/www.europesays.com\/fr\/wp-json\/wp\/v2\/posts\/438537","targetHints":{"allow":["GET"]}}],"collection":[{"href":"https:\/\/www.europesays.com\/fr\/wp-json\/wp\/v2\/posts"}],"about":[{"href":"https:\/\/www.europesays.com\/fr\/wp-json\/wp\/v2\/types\/post"}],"author":[{"embeddable":true,"href":"https:\/\/www.europesays.com\/fr\/wp-json\/wp\/v2\/users\/2"}],"replies":[{"embeddable":true,"href":"https:\/\/www.europesays.com\/fr\/wp-json\/wp\/v2\/comments?post=438537"}],"version-history":[{"count":0,"href":"https:\/\/www.europesays.com\/fr\/wp-json\/wp\/v2\/posts\/438537\/revisions"}],"wp:featuredmedia":[{"embeddable":true,"href":"https:\/\/www.europesays.com\/fr\/wp-json\/wp\/v2\/media\/438538"}],"wp:attachment":[{"href":"https:\/\/www.europesays.com\/fr\/wp-json\/wp\/v2\/media?parent=438537"}],"wp:term":[{"taxonomy":"category","embeddable":true,"href":"https:\/\/www.europesays.com\/fr\/wp-json\/wp\/v2\/categories?post=438537"},{"taxonomy":"post_tag","embeddable":true,"href":"https:\/\/www.europesays.com\/fr\/wp-json\/wp\/v2\/tags?post=438537"}],"curies":[{"name":"wp","href":"https:\/\/api.w.org\/{rel}","templated":true}]}}