{"id":438543,"date":"2025-10-04T11:48:13","date_gmt":"2025-10-04T11:48:13","guid":{"rendered":"https:\/\/www.europesays.com\/fr\/438543\/"},"modified":"2025-10-04T11:48:13","modified_gmt":"2025-10-04T11:48:13","slug":"un-drone-russe-frappe-une-gare-du-nord-est-zelensky-denonce-un-acte-barbare-liberation","status":"publish","type":"post","link":"https:\/\/www.europesays.com\/fr\/438543\/","title":{"rendered":"un drone russe frappe une gare du nord-est, Zelensky d\u00e9nonce un acte \u00abbarbare\u00bb \u2013 Lib\u00e9ration"},"content":{"rendered":"<p class=\"sc-cPiKLX AiZTS text-element\">La Russie cible encore <a href=\"https:\/\/www.liberation.fr\/international\/europe\/gare-frappee-par-un-missile-en-ukraine-le-bilan-passe-a-22-morts-20220825_DWA7ECPKI5GUNLGOR4P6ID353E\/\" target=\"_blank\" rel=\"noreferrer nofollow noopener\" title=\"https:\/\/www.liberation.fr\/international\/europe\/gare-frappee-par-un-missile-en-ukraine-le-bilan-passe-a-22-morts-20220825_DWA7ECPKI5GUNLGOR4P6ID353E\/\">les infrastructures ferroviaires ukrainiennes.<\/a> Une attaque de drone russe sur la gare de Chostka, situ\u00e9e dans la r\u00e9gion de Soumy, dans le nord-est de l\u2019Ukraine, a bless\u00e9 au moins 30 personnes, a annonc\u00e9 samedi le pr\u00e9sident ukrainien Volodymyr Zelensky, qualifiant cet acte de \u00abbarbare\u00bb. <\/p>\n<p class=\"sc-cPiKLX AiZTS text-element\">\u00abA l\u2019heure actuelle, nous savons qu\u2019il y a au moins 30 victimes\u00bb, incluant des passagers et des employ\u00e9s des chemins de fer, a-t-il ajout\u00e9 sur le r\u00e9seau social X, dans un message accompagn\u00e9 d\u2019une vid\u00e9o montrant un wagon de train d\u00e9form\u00e9, enflamm\u00e9, avec du m\u00e9tal tordu et des vitres bris\u00e9es. <\/p>\n<p class=\"sc-cPiKLX AiZTS text-element\">\u00abLes Russes ne pouvaient pas ignorer qu\u2019ils frappaient des civils\u00bb, a-t-il ajout\u00e9, alors que des passagers et des membres du staff de la compagnie ferroviaire ukrainienne se trouvaient sur le site, situ\u00e9 \u00e0 une cinquantaine de kilom\u00e8tres de la fronti\u00e8re russe. <\/p>\n<p class=\"sc-cPiKLX AiZTS text-element\">Parall\u00e8lement, une vague distincte de frappes nocturnes de l\u2019arm\u00e9e russe a coup\u00e9 l\u2019\u00e9lectricit\u00e9 d\u2019environ 50 000 foyers dans la r\u00e9gion de Tchernihiv, au nord. L\u2019arm\u00e9e ukrainienne a \u00e9galement affirm\u00e9 avoir frapp\u00e9 une importante raffinerie de p\u00e9trole dans la r\u00e9gion de L\u00e9ningrad, au nord-ouest de la Russie.<\/p>\n<p class=\"sc-cPiKLX AiZTS text-element\">Kyiv a promis d\u2019augmenter ses propres attaques de drones \u00e0 longue port\u00e9e sur les sites \u00e9nerg\u00e9tiques russes, dans ce qu\u2019elle appelle de justes repr\u00e9sailles aux attaques quotidiennes de la Russie contre ses villes et son r\u00e9seau \u00e9lectrique. Dans son message, Volodymyr Zelensky a \u00e9galement rappel\u00e9 les \u00abd\u00e9clarations r\u00e9solues de l\u2019Europe et <a href=\"https:\/\/www.liberation.fr\/international\/europe\/kellogg-nexclut-pas-que-washington-autorise-kyiv-a-frapper-la-russie-en-profondeur-avec-des-armes-americaines-20250929_SCALRNTHNVBCFNN23BQE7KFRC4\/\" target=\"_blank\" rel=\"noreferrer nofollow noopener\" title=\"https:\/\/www.liberation.fr\/international\/europe\/kellogg-nexclut-pas-que-washington-autorise-kyiv-a-frapper-la-russie-en-profondeur-avec-des-armes-americaines-20250929_SCALRNTHNVBCFNN23BQE7KFRC4\/\">de l\u2019Am\u00e9rique.<\/a> Il est grand temps de les concr\u00e9tiser. [&#8230;] Les paroles sont insuffisantes, l\u2019action forte est requise.\u00bb <\/p>\n","protected":false},"excerpt":{"rendered":"La Russie cible encore les infrastructures ferroviaires ukrainiennes. Une attaque de drone russe sur la gare de Chostka,&hellip;\n","protected":false},"author":2,"featured_media":438544,"comment_status":"","ping_status":"","sticky":false,"template":"","format":"standard","meta":{"footnotes":""},"categories":[1591],"tags":[11,1887,12,1885,1886,132,297,134],"class_list":{"0":"post-438543","1":"post","2":"type-post","3":"status-publish","4":"format-standard","5":"has-post-thumbnail","7":"category-russie","8":"tag-actualites","9":"tag-federation-de-russie","10":"tag-news","11":"tag-russia","12":"tag-russian-federation","13":"tag-russie","14":"tag-ukraine-la-crise","15":"tag-volodymyr-zelensky"},"share_on_mastodon":{"url":"https:\/\/pubeurope.com\/@fr\/115315743402414798","error":""},"_links":{"self":[{"href":"https:\/\/www.europesays.com\/fr\/wp-json\/wp\/v2\/posts\/438543","targetHints":{"allow":["GET"]}}],"collection":[{"href":"https:\/\/www.europesays.com\/fr\/wp-json\/wp\/v2\/posts"}],"about":[{"href":"https:\/\/www.europesays.com\/fr\/wp-json\/wp\/v2\/types\/post"}],"author":[{"embeddable":true,"href":"https:\/\/www.europesays.com\/fr\/wp-json\/wp\/v2\/users\/2"}],"replies":[{"embeddable":true,"href":"https:\/\/www.europesays.com\/fr\/wp-json\/wp\/v2\/comments?post=438543"}],"version-history":[{"count":0,"href":"https:\/\/www.europesays.com\/fr\/wp-json\/wp\/v2\/posts\/438543\/revisions"}],"wp:featuredmedia":[{"embeddable":true,"href":"https:\/\/www.europesays.com\/fr\/wp-json\/wp\/v2\/media\/438544"}],"wp:attachment":[{"href":"https:\/\/www.europesays.com\/fr\/wp-json\/wp\/v2\/media?parent=438543"}],"wp:term":[{"taxonomy":"category","embeddable":true,"href":"https:\/\/www.europesays.com\/fr\/wp-json\/wp\/v2\/categories?post=438543"},{"taxonomy":"post_tag","embeddable":true,"href":"https:\/\/www.europesays.com\/fr\/wp-json\/wp\/v2\/tags?post=438543"}],"curies":[{"name":"wp","href":"https:\/\/api.w.org\/{rel}","templated":true}]}}