{"id":438545,"date":"2025-10-04T11:49:10","date_gmt":"2025-10-04T11:49:10","guid":{"rendered":"https:\/\/www.europesays.com\/fr\/438545\/"},"modified":"2025-10-04T11:49:10","modified_gmt":"2025-10-04T11:49:10","slug":"au-moins-30-blesses-dans-une-attaque-de-drone-russe-sur-une-gare","status":"publish","type":"post","link":"https:\/\/www.europesays.com\/fr\/438545\/","title":{"rendered":"au moins 30 bless\u00e9s dans une attaque de drone russe sur une gare"},"content":{"rendered":"<p>Le pr\u00e9sident ukrainien a qualifi\u00e9 cette attaque sur une gare dans la r\u00e9gion de Soumy de \u00abbarbare\u00bb, avant d\u2019ajouter que le bilan \u00e9tait susceptible d\u2019\u00e9voluer.<\/p>\n<p class=\"fig-paragraph\">Une attaque de drone russe sur la gare de Chostka, situ\u00e9e dans la r\u00e9gion de Soumy, dans le nord-est de l&rsquo;Ukraine, a bless\u00e9 au moins 30 personnes, a annonc\u00e9 samedi le pr\u00e9sident ukrainien Volodymyr Zelensky, qualifiant cet acte de \u00abbarbare\u00bb. L&rsquo;arm\u00e9e russe a cibl\u00e9 \u00e0 plusieurs reprises les infrastructures ferroviaires ukrainiennes depuis l&rsquo;invasion du pays en f\u00e9vrier 2022.<\/p>\n<p class=\"fig-paragraph\">\u00ab\u00c0 l\u2019heure actuelle, nous savons qu&rsquo;il y a au moins 30 victimes\u00bb, incluant des passagers et des employ\u00e9s des chemins de fer, a-t-il ajout\u00e9 sur le r\u00e9seau social X, dans un message accompagn\u00e9 d&rsquo;une vid\u00e9o montrant un wagon de train d\u00e9form\u00e9, enflamm\u00e9, avec du m\u00e9tal tordu et des vitres bris\u00e9es. \u00abLes Russes ne pouvaient pas ignorer qu&rsquo;ils frappaient des civils,\u00bb a-t-il ajout\u00e9. Le site se trouve \u00e0 environ 50 kilom\u00e8tres de la fronti\u00e8re russe.<\/p>\n<p>                                    <a class=\"fig-a11y-skip a11y-hidden\" href=\"#fig-a11y-skip-main-inarticle\"><br \/>\n        Passer la publicit\u00e9<br \/>\n    <\/a><\/p>\n<p>50.000 foyers priv\u00e9s d\u2019\u00e9lectricit\u00e9 dans la r\u00e9gion de Tchernihiv<\/p>\n<p class=\"fig-paragraph\">Une vague distincte de frappes nocturnes par l&rsquo;arm\u00e9e russe a coup\u00e9 l&rsquo;\u00e9lectricit\u00e9 d&rsquo;environ 50.000 foyers dans la r\u00e9gion de Tchernihiv, au nord. L&rsquo;arm\u00e9e ukrainienne a \u00e9galement affirm\u00e9 avoir frapp\u00e9 une importante raffinerie de p\u00e9trole dans la r\u00e9gion de L\u00e9ningrad, au nord-ouest de la Russie.<\/p>\n<p class=\"fig-paragraph\">Kiev a promis d&rsquo;augmenter ses propres attaques de drones \u00e0 longue port\u00e9e sur les sites \u00e9nerg\u00e9tiques russes, dans ce qu&rsquo;elle appelle de justes repr\u00e9sailles aux attaques quotidiennes de la\u00a0<a href=\"http:\/\/www.lefigaro.fr\/international\/guerre-en-ukraine-cette-nuit-la-russie-a-lance-la-plus-grande-attaque-sur-des-sites-gaziers-20251003\" target=\"_blank\" data-fig-type=\"NewsFlash\" rel=\"noopener nofollow\" data-gtm-custom-categorie=\"navigation\" data-gtm-custom-action=\"crossclick\" data-gtm-custom-label=\"Contextuel\" data-gtm-event=\"customEventSPE\" data-fig-domain=\"LEFIGARO\">Russie<\/a>\u00a0contre ses villes et son r\u00e9seau \u00e9lectrique.<\/p>\n","protected":false},"excerpt":{"rendered":"Le pr\u00e9sident ukrainien a qualifi\u00e9 cette attaque sur une gare dans la r\u00e9gion de Soumy de \u00abbarbare\u00bb, avant&hellip;\n","protected":false},"author":2,"featured_media":438546,"comment_status":"","ping_status":"","sticky":false,"template":"","format":"standard","meta":{"footnotes":""},"categories":[1590],"tags":[11,1777,674,131,12,220],"class_list":{"0":"post-438545","1":"post","2":"type-post","3":"status-publish","4":"format-standard","5":"has-post-thumbnail","7":"category-ukraine","8":"tag-actualites","9":"tag-eu","10":"tag-europe","11":"tag-guerre-en-ukraine","12":"tag-news","13":"tag-ukraine"},"share_on_mastodon":{"url":"https:\/\/pubeurope.com\/@fr\/115315747339830310","error":""},"_links":{"self":[{"href":"https:\/\/www.europesays.com\/fr\/wp-json\/wp\/v2\/posts\/438545","targetHints":{"allow":["GET"]}}],"collection":[{"href":"https:\/\/www.europesays.com\/fr\/wp-json\/wp\/v2\/posts"}],"about":[{"href":"https:\/\/www.europesays.com\/fr\/wp-json\/wp\/v2\/types\/post"}],"author":[{"embeddable":true,"href":"https:\/\/www.europesays.com\/fr\/wp-json\/wp\/v2\/users\/2"}],"replies":[{"embeddable":true,"href":"https:\/\/www.europesays.com\/fr\/wp-json\/wp\/v2\/comments?post=438545"}],"version-history":[{"count":0,"href":"https:\/\/www.europesays.com\/fr\/wp-json\/wp\/v2\/posts\/438545\/revisions"}],"wp:featuredmedia":[{"embeddable":true,"href":"https:\/\/www.europesays.com\/fr\/wp-json\/wp\/v2\/media\/438546"}],"wp:attachment":[{"href":"https:\/\/www.europesays.com\/fr\/wp-json\/wp\/v2\/media?parent=438545"}],"wp:term":[{"taxonomy":"category","embeddable":true,"href":"https:\/\/www.europesays.com\/fr\/wp-json\/wp\/v2\/categories?post=438545"},{"taxonomy":"post_tag","embeddable":true,"href":"https:\/\/www.europesays.com\/fr\/wp-json\/wp\/v2\/tags?post=438545"}],"curies":[{"name":"wp","href":"https:\/\/api.w.org\/{rel}","templated":true}]}}