{"id":438566,"date":"2025-10-04T12:08:12","date_gmt":"2025-10-04T12:08:12","guid":{"rendered":"https:\/\/www.europesays.com\/fr\/438566\/"},"modified":"2025-10-04T12:08:12","modified_gmt":"2025-10-04T12:08:12","slug":"luca-marini-perd-ses-points-apres-la-course-sprint","status":"publish","type":"post","link":"https:\/\/www.europesays.com\/fr\/438566\/","title":{"rendered":"Luca Marini perd ses points apr\u00e8s la course sprint"},"content":{"rendered":"<p>Apr\u00e8s avoir pass\u00e9 le drapeau \u00e0 damier, les deux hondas officielles ont termin\u00e9 dans les points de la course sprint du GP d\u2019Indon\u00e9sie. Joan Mir a termin\u00e9 5e et Luca Marini 6e. Mais \u00e0 la suite d\u2019une p\u00e9nalit\u00e9 pour Luca Marini, il perd ses points de la 6e place.<\/p>\n<p><b>Une pression des pneus trop basse<\/b><\/p>\n<p>Peu de temps apr\u00e8s la ligne d\u2019arriv\u00e9e, la direction de course a attribu\u00e9 une p\u00e9nalit\u00e9 \u00e0 Luca Marini \u00e0 la suite d\u2019une pression des pneus trop basse. L\u2019italien a \u00e9t\u00e9 p\u00e9nalis\u00e9 de 8 secondes, pour ne pas avoir roul\u00e9\u202favec un pneu avant \u00e0 la bonne pression pendant au moins 30\u202f% de la course sprint. Luca Marini passe donc de la 6e \u00e0 la 13e position, juste devant Francesco Bagnaia et faisant ainsi remonter Marc Marquez \u00e0 la 6e position.\u00a0<\/p>\n<p>Avec cette p\u00e9nalit\u00e9 Miguel Oliveira a pu rentrer dans les points en terminant \u00e0 la 9e position.\u00a0<\/p>\n<p>    Partagez cette info avec vos amis et vos proches en cliquant ici  <\/p>\n<p> Podcasts \u00e0 la une MEN LIFE <\/p>\n<p>    Pour r\u00e9sumer<\/p>\n<p>Apr\u00e8s la course sprint du GP d&rsquo;Indon\u00e9sie, l&rsquo;italien Luca Marini s&rsquo;est vu p\u00e9nalis\u00e9 de 8 secondes apr\u00e8s avoir roul\u00e9 avec une pression des pneus trop basse. Cette p\u00e9nalit\u00e9 lui a fait perdre sa 6e place et donc ses points pour le championnat. Il termine \u00e0 la 13e position juste devant Francesco Bagnaia<\/p>\n<p>R\u00e9dacteur<\/p>\n<p><img decoding=\"async\" width=\"76\" height=\"76\" loading=\"lazy\" src=\"https:\/\/www.europesays.com\/fr\/wp-content\/uploads\/2025\/04\/avatar-sport-am.png\" alt=\"Cylia Espiau\"\/><\/p>\n","protected":false},"excerpt":{"rendered":"Apr\u00e8s avoir pass\u00e9 le drapeau \u00e0 damier, les deux hondas officielles ont termin\u00e9 dans les points de la&hellip;\n","protected":false},"author":2,"featured_media":438567,"comment_status":"","ping_status":"","sticky":false,"template":"","format":"standard","meta":{"footnotes":""},"categories":[1413],"tags":[1011,27,1457,1456,60],"class_list":{"0":"post-438566","1":"post","2":"type-post","3":"status-publish","4":"format-standard","5":"has-post-thumbnail","7":"category-moto","8":"tag-fr","9":"tag-france","10":"tag-moto","11":"tag-motocycle","12":"tag-sports"},"share_on_mastodon":{"url":"https:\/\/pubeurope.com\/@fr\/115315822521785040","error":""},"_links":{"self":[{"href":"https:\/\/www.europesays.com\/fr\/wp-json\/wp\/v2\/posts\/438566","targetHints":{"allow":["GET"]}}],"collection":[{"href":"https:\/\/www.europesays.com\/fr\/wp-json\/wp\/v2\/posts"}],"about":[{"href":"https:\/\/www.europesays.com\/fr\/wp-json\/wp\/v2\/types\/post"}],"author":[{"embeddable":true,"href":"https:\/\/www.europesays.com\/fr\/wp-json\/wp\/v2\/users\/2"}],"replies":[{"embeddable":true,"href":"https:\/\/www.europesays.com\/fr\/wp-json\/wp\/v2\/comments?post=438566"}],"version-history":[{"count":0,"href":"https:\/\/www.europesays.com\/fr\/wp-json\/wp\/v2\/posts\/438566\/revisions"}],"wp:featuredmedia":[{"embeddable":true,"href":"https:\/\/www.europesays.com\/fr\/wp-json\/wp\/v2\/media\/438567"}],"wp:attachment":[{"href":"https:\/\/www.europesays.com\/fr\/wp-json\/wp\/v2\/media?parent=438566"}],"wp:term":[{"taxonomy":"category","embeddable":true,"href":"https:\/\/www.europesays.com\/fr\/wp-json\/wp\/v2\/categories?post=438566"},{"taxonomy":"post_tag","embeddable":true,"href":"https:\/\/www.europesays.com\/fr\/wp-json\/wp\/v2\/tags?post=438566"}],"curies":[{"name":"wp","href":"https:\/\/api.w.org\/{rel}","templated":true}]}}