{"id":438572,"date":"2025-10-04T12:11:11","date_gmt":"2025-10-04T12:11:11","guid":{"rendered":"https:\/\/www.europesays.com\/fr\/438572\/"},"modified":"2025-10-04T12:11:11","modified_gmt":"2025-10-04T12:11:11","slug":"benzema-repond-a-la-rumeur-solari-sur-le-banc","status":"publish","type":"post","link":"https:\/\/www.europesays.com\/fr\/438572\/","title":{"rendered":"Benzema r\u00e9pond \u00e0 la rumeur Solari sur le banc"},"content":{"rendered":"<p class=\"date\">\n                                                            Axel Allag, Media365, publi\u00e9 le samedi 04 octobre 2025 \u00e0 13h03\n                                                    <\/p>\n<p>Al-Ittihad attend un entra\u00eeneur apr\u00e8s le limogeage de Laurent Blanc et si la piste menant \u00e0 Sergio Concei\u00e7\u00e3o semblerait chaude, le nom de Santiago Solari circule aussi.<\/p>\n<p>Quel entra\u00eeneur pour Al-Ittihad ? Depuis le licenciement de Laurent Blanc suite \u00e0 la d\u00e9faite face \u00e0 Al-Nassr (0-2) le 26 septembre dernier, c&rsquo;est Hassan Khalifa qui assure l&rsquo;int\u00e9rim, m\u00eame si l&rsquo;ancien coach du FC Nantes, de Porto et de l&rsquo;AC Milan, Sergio Concei\u00e7ao ferait figure de favori afin de prendre place sur le banc, selon les informations de Fabrizio Romano, journaliste r\u00e9f\u00e9rence du mercato, qui a annonc\u00e9 un accord verbal entre les diff\u00e9rentes parties pour un contrat de deux ans.<\/p>\n<p>\u00ab Peut-\u00eatre dans tes r\u00eaves \u00bb, affirme Benzema<\/p>\n<p>Le nom de Santiago Solari, ancien joueur, entra\u00eeneur et actuel directeur sportif du Real Madrid, serait aussi au centre des rumeurs. Selon un journaliste irakien, c&rsquo;est Karim Benzema lui-m\u00eame qui aurait demand\u00e9 \u00e0 sa direction de recruter Solari, ce qui a donn\u00e9 lieu dans la foul\u00e9e \u00e0 un nouvel \u00e9pisode sur les r\u00e9seaux sociaux car, selon Omar Qahtan, \u00ab\u00a0la demande a \u00e9t\u00e9 rejet\u00e9e\u00a0\u00bb. Ce post Instagram n&rsquo;a pas manqu\u00e9 de faire r\u00e9agir le capitaine d&rsquo;Al-Ittihad qui, visiblement, n&rsquo;a rien \u00e0 voir avec la rumeur d&rsquo;une arriv\u00e9e de Solari. \u00ab Peut-\u00eatre dans tes r\u00eaves \u00bb, a r\u00e9pondu Karim Benzema, utilisant les \u00e9mojis \u00ab\u00a0mort de rire\u00a0\u00bb pour conclure son message sous la publication.<\/p>\n<p>Laurent Blanc, champion du monde 1998, nomm\u00e9 au d\u00e9but de l&rsquo;exercice 2024-25, avait \u00e9t\u00e9 \u00e9lu entra\u00eeneur de la saison apr\u00e8s le doubl\u00e9 Coupe &#8211; championnat r\u00e9alis\u00e9 par sa formation, mais il n&rsquo;aura donc tenu que quatre journ\u00e9es en poste lors de cette nouvelle saison. Troisi\u00e8me de Saudi Pro League \u00e0 trois points du leader, l&rsquo;Al-Nassr de Cristiano Ronaldo, Al-Ittihad se d\u00e9placera sur la pelouse d&rsquo;Al-Fayha au retour de la tr\u00eave internationale, le 17 octobre prochain. Avec Sergio Concei\u00e7ao sur son banc ? Ce sera l&rsquo;enjeu des prochains jours pour le tenant du titre de la Saudi Pro League, qui devra repartir de l&rsquo;avant dans la d\u00e9fense de son titre.<\/p>\n","protected":false},"excerpt":{"rendered":"Axel Allag, Media365, publi\u00e9 le samedi 04 octobre 2025 \u00e0 13h03 Al-Ittihad attend un entra\u00eeneur apr\u00e8s le limogeage&hellip;\n","protected":false},"author":2,"featured_media":438573,"comment_status":"","ping_status":"","sticky":false,"template":"","format":"standard","meta":{"footnotes":""},"categories":[1410],"tags":[63,1011,27,60],"class_list":{"0":"post-438572","1":"post","2":"type-post","3":"status-publish","4":"format-standard","5":"has-post-thumbnail","7":"category-football","8":"tag-football","9":"tag-fr","10":"tag-france","11":"tag-sports"},"share_on_mastodon":{"url":"https:\/\/pubeurope.com\/@fr\/115315833857863048","error":""},"_links":{"self":[{"href":"https:\/\/www.europesays.com\/fr\/wp-json\/wp\/v2\/posts\/438572","targetHints":{"allow":["GET"]}}],"collection":[{"href":"https:\/\/www.europesays.com\/fr\/wp-json\/wp\/v2\/posts"}],"about":[{"href":"https:\/\/www.europesays.com\/fr\/wp-json\/wp\/v2\/types\/post"}],"author":[{"embeddable":true,"href":"https:\/\/www.europesays.com\/fr\/wp-json\/wp\/v2\/users\/2"}],"replies":[{"embeddable":true,"href":"https:\/\/www.europesays.com\/fr\/wp-json\/wp\/v2\/comments?post=438572"}],"version-history":[{"count":0,"href":"https:\/\/www.europesays.com\/fr\/wp-json\/wp\/v2\/posts\/438572\/revisions"}],"wp:featuredmedia":[{"embeddable":true,"href":"https:\/\/www.europesays.com\/fr\/wp-json\/wp\/v2\/media\/438573"}],"wp:attachment":[{"href":"https:\/\/www.europesays.com\/fr\/wp-json\/wp\/v2\/media?parent=438572"}],"wp:term":[{"taxonomy":"category","embeddable":true,"href":"https:\/\/www.europesays.com\/fr\/wp-json\/wp\/v2\/categories?post=438572"},{"taxonomy":"post_tag","embeddable":true,"href":"https:\/\/www.europesays.com\/fr\/wp-json\/wp\/v2\/tags?post=438572"}],"curies":[{"name":"wp","href":"https:\/\/api.w.org\/{rel}","templated":true}]}}