{"id":438578,"date":"2025-10-04T12:15:56","date_gmt":"2025-10-04T12:15:56","guid":{"rendered":"https:\/\/www.europesays.com\/fr\/438578\/"},"modified":"2025-10-04T12:15:56","modified_gmt":"2025-10-04T12:15:56","slug":"le-scenario-netait-pas-a-la-hauteur-les-acteurs-de-la-serie-regrettent-lepisode-du-depart-de-shannen-doherty-prue","status":"publish","type":"post","link":"https:\/\/www.europesays.com\/fr\/438578\/","title":{"rendered":"\u00ab\u00a0Le sc\u00e9nario n&rsquo;\u00e9tait pas \u00e0 la hauteur\u00a0\u00bb, Les acteurs de la s\u00e9rie regrettent l&rsquo;\u00e9pisode du d\u00e9part de Shannen Doherty (Prue)"},"content":{"rendered":"<p>Dans leur podcast The House of Halliwell, des stars de la s\u00e9rie Charmed ont \u00e0 nouveau \u00e9voqu\u00e9 le dernier \u00e9pisode de la saison 3, marquant le d\u00e9part de Shannen Doherty (Prue). Un \u00e9pisode au sc\u00e9nario \u00ab\u00a0pas \u00e0 la hauteur\u00a0\u00bb mais \u00ab\u00a0sauv\u00e9\u00a0\u00bb par la r\u00e9alisation de Shannen Doherty.<\/p>\n<p>R\u00e9cemment, les acteurs de Charmed <a href=\"https:\/\/www.programme-tv.net\/news\/series-tv\/388073-personne-ne-veut-dire-la-verite-de-peur-d-etre-deteste-le-depart-de-shannen-doherty-de-charmed-est-encore-tabou-selon-ces-deux-stars-de-la-serie\/\" data-api-deeplink=\"teleloisirs:\/\/news\/388073\" target=\"_blank\" rel=\"noopener\">Holly Marie Combs (Piper) et Brian Krause (Leo) sont revenus sur les conditions du d\u00e9part de Shannen Doherty<\/a> (Prue) de la s\u00e9rie fantastique. Les deux com\u00e9diens ont \u00e9voqu\u00e9 dans leur podcast The House of Halliwell la d\u00e9cision jug\u00e9e \u00ab\u00a0tordue\u00a0\u00bb de faire r\u00e9aliser \u00e0 Shannen Doherty son dernier \u00e9pisode. Brian Krause et Drew Fuller (Chris Halliwell, l&rsquo;un des enfants de Piper et Leo) ont \u00e0 nouveau discut\u00e9 des probl\u00e9matiques de cet \u00e9pisode intitul\u00e9 Adieux (saison 3, \u00e9pisode 22).<\/p>\n<p>Charmed : \u00ab\u00a0Le sc\u00e9nario n&rsquo;\u00e9tait pas \u00e0 la hauteur\u00a0\u00bb, des acteurs de la s\u00e9rie critiquent le dernier \u00e9pisode avec Shannen Doherty<\/p>\n<p>Dans le podcast The House of Halliwell, Brian Krause et Drew Fuller ont critiqu\u00e9 le sc\u00e9nario de ce dernier \u00e9pisode de la saison 3 de Charmed. \u00ab\u00a0Le seul \u00e9l\u00e9ment qui sauve cet \u00e9pisode c&rsquo;est que tous les acteurs sont tr\u00e8s bons. Tout le monde \u00e9tait vraiment \u00e0 son meilleur niveau en termes de jeu. Nous n&rsquo;aimions peut-\u00eatre pas l&rsquo;histoire, mais imagine si les acteurs ne s&rsquo;\u00e9taient pas autant investis\u00a0\u00bb, a ainsi soulign\u00e9 Drew Fuller. Et l&rsquo;acteur d&rsquo;ajouter : \u00ab\u00a0Tout le monde a fait son travail, a cr\u00fb en l&rsquo;histoire et au sc\u00e9nario, et a eu confiance en Shannen pour sa r\u00e9alisation. Les performances \u00e9taient incroyables, et le rendu final est excellent. C&rsquo;est juste le sc\u00e9nario qui n&rsquo;\u00e9tait pas \u00e0 la hauteur.\u00a0\u00bb Au d\u00e9but de l&rsquo;\u00e9pisode, Phoebe (<a href=\"https:\/\/www.programme-tv.net\/biographie\/1144-milano-alyssa\/\" data-link-people=\"c53cba88-d452-48b6-82c5-19d6dfa517df\" target=\"_blank\" rel=\"noopener\">Alyssa Milano<\/a>) et Leo sauvent Piper et Prue d&rsquo;une attaque du d\u00e9mon Shax. Mais, apr\u00e8s moult p\u00e9rip\u00e9ties, \u00e0 la fin de l&rsquo;\u00e9pisode, un retour dans le temps a lieu : cette fois, Shax parvient \u00e0 blesser gri\u00e8vement Piper et Prue les laissant inconscientes.<\/p>\n<p>                        Charmed : La s\u00e9rie fantastique a \u00e9t\u00e9 touch\u00e9e par plusieurs d\u00e9c\u00e8s<\/p>\n<p>Au mois de juillet 2024, le casting de la s\u00e9rie Charmed a perdu l&rsquo;une de ses membres et pas des moindres : Shannen Doherty. <a href=\"https:\/\/www.programme-tv.net\/news\/series-tv\/356962-mort-de-shannen-doherty-des-acteurs-de-charmed-lui-rendent-hommage-et-se-souviennent-des-moments-passes-avec-elle-lors-du-tournage-de-la-serie\/\" data-api-deeplink=\"teleloisirs:\/\/news\/356962\" target=\"_blank\" rel=\"noopener\">La com\u00e9dienne est d\u00e9c\u00e9d\u00e9e \u00e0 l&rsquo;\u00e2ge de 53 ans<\/a> apr\u00e8s une longue lutte contre le cancer. Pr\u00e8s d&rsquo;un an plus tard, en juillet 2025, c&rsquo;\u00e9tait au tour de <a href=\"https:\/\/www.programme-tv.net\/news\/people\/382703-mort-de-julian-mcmahon-la-cause-du-deces-de-lacteur-devoilee-par-sa-femme\/\" data-api-deeplink=\"teleloisirs:\/\/news\/382703\" target=\"_blank\" rel=\"noopener\">l&rsquo;acteur Julian McMahon, interpr\u00e8te de Cole Turner, de dispara\u00eetre<\/a>.<\/p>\n","protected":false},"excerpt":{"rendered":"Dans leur podcast The House of Halliwell, des stars de la s\u00e9rie Charmed ont \u00e0 nouveau \u00e9voqu\u00e9 le&hellip;\n","protected":false},"author":2,"featured_media":438579,"comment_status":"","ping_status":"","sticky":false,"template":"","format":"standard","meta":{"footnotes":""},"categories":[1356],"tags":[56555,36814,244,58,59,1011,27,56554,5389,252,1364],"class_list":{"0":"post-438578","1":"post","2":"type-post","3":"status-publish","4":"format-standard","5":"has-post-thumbnail","7":"category-television","8":"tag-brian-krause","9":"tag-charmed","10":"tag-commentaire","11":"tag-divertissement","12":"tag-entertainment","13":"tag-fr","14":"tag-france","15":"tag-shannen-doherty","16":"tag-su00e9rie","17":"tag-television","18":"tag-tv"},"share_on_mastodon":{"url":"https:\/\/pubeurope.com\/@fr\/115315853497341362","error":""},"_links":{"self":[{"href":"https:\/\/www.europesays.com\/fr\/wp-json\/wp\/v2\/posts\/438578","targetHints":{"allow":["GET"]}}],"collection":[{"href":"https:\/\/www.europesays.com\/fr\/wp-json\/wp\/v2\/posts"}],"about":[{"href":"https:\/\/www.europesays.com\/fr\/wp-json\/wp\/v2\/types\/post"}],"author":[{"embeddable":true,"href":"https:\/\/www.europesays.com\/fr\/wp-json\/wp\/v2\/users\/2"}],"replies":[{"embeddable":true,"href":"https:\/\/www.europesays.com\/fr\/wp-json\/wp\/v2\/comments?post=438578"}],"version-history":[{"count":0,"href":"https:\/\/www.europesays.com\/fr\/wp-json\/wp\/v2\/posts\/438578\/revisions"}],"wp:featuredmedia":[{"embeddable":true,"href":"https:\/\/www.europesays.com\/fr\/wp-json\/wp\/v2\/media\/438579"}],"wp:attachment":[{"href":"https:\/\/www.europesays.com\/fr\/wp-json\/wp\/v2\/media?parent=438578"}],"wp:term":[{"taxonomy":"category","embeddable":true,"href":"https:\/\/www.europesays.com\/fr\/wp-json\/wp\/v2\/categories?post=438578"},{"taxonomy":"post_tag","embeddable":true,"href":"https:\/\/www.europesays.com\/fr\/wp-json\/wp\/v2\/tags?post=438578"}],"curies":[{"name":"wp","href":"https:\/\/api.w.org\/{rel}","templated":true}]}}