{"id":438614,"date":"2025-10-04T12:35:11","date_gmt":"2025-10-04T12:35:11","guid":{"rendered":"https:\/\/www.europesays.com\/fr\/438614\/"},"modified":"2025-10-04T12:35:11","modified_gmt":"2025-10-04T12:35:11","slug":"meteo-la-seine-maritime-placee-en-vigilance-orange-pour-vents-violents","status":"publish","type":"post","link":"https:\/\/www.europesays.com\/fr\/438614\/","title":{"rendered":"M\u00e9t\u00e9o. La Seine-Maritime plac\u00e9e en vigilance orange pour vents violents"},"content":{"rendered":"<p melodystyle=\"texte\">Samedi 4\u00a0octobre, M\u00e9t\u00e9o France a plac\u00e9 la Seine-Maritime et cinq autres d\u00e9partements en vigilance orange pour vents violents. Le communiqu\u00e9 annonce \u00ab\u00a0ce samedi apr\u00e8s-midi, <a href=\"https:\/\/www.lecourriercauchois.fr\/actualite-390016-fecamp-un-poids-lourd-se-couche-dans-un-champ\" target=\"_blank\" rel=\"nofollow noopener\">en lien avec la temp\u00eate Amy,<\/a> tr\u00e8s fortes rafales de vent sous des grains orageux, sur le nord du pays et en particulier pr\u00e8s des c\u00f4tes de Manche\u00a0\u00bb. Ainsi le pont de Tancarville est interdit \u00e0 la circulation aux pi\u00e9tons et deux-roues immatricul\u00e9s ou non dans les 2 sens\u00a0de 7h \u00e0 20h.<\/p>\n<p melodystyle=\"textnoprint\">Le bac qui relie Port-J\u00e9r\u00f4me \u00e0 Quillebeuf est arr\u00eat\u00e9 \u00e0 cause des vents forts. Par ailleurs, le bac entre Yainville et Heurteauville n&rsquo;assure pas non plus de travers\u00e9es.<\/p>\n","protected":false},"excerpt":{"rendered":"Samedi 4\u00a0octobre, M\u00e9t\u00e9o France a plac\u00e9 la Seine-Maritime et cinq autres d\u00e9partements en vigilance orange pour vents violents.&hellip;\n","protected":false},"author":2,"featured_media":438615,"comment_status":"","ping_status":"","sticky":false,"template":"","format":"standard","meta":{"footnotes":""},"categories":[9587],"tags":[1111,11,1777,674,1011,27,12,5161,25,9590],"class_list":{"0":"post-438614","1":"post","2":"type-post","3":"status-publish","4":"format-standard","5":"has-post-thumbnail","7":"category-rouen","8":"tag-actu","9":"tag-actualites","10":"tag-eu","11":"tag-europe","12":"tag-fr","13":"tag-france","14":"tag-news","15":"tag-normandie","16":"tag-republique-francaise","17":"tag-rouen"},"share_on_mastodon":{"url":"https:\/\/pubeurope.com\/@fr\/115315928121902968","error":""},"_links":{"self":[{"href":"https:\/\/www.europesays.com\/fr\/wp-json\/wp\/v2\/posts\/438614","targetHints":{"allow":["GET"]}}],"collection":[{"href":"https:\/\/www.europesays.com\/fr\/wp-json\/wp\/v2\/posts"}],"about":[{"href":"https:\/\/www.europesays.com\/fr\/wp-json\/wp\/v2\/types\/post"}],"author":[{"embeddable":true,"href":"https:\/\/www.europesays.com\/fr\/wp-json\/wp\/v2\/users\/2"}],"replies":[{"embeddable":true,"href":"https:\/\/www.europesays.com\/fr\/wp-json\/wp\/v2\/comments?post=438614"}],"version-history":[{"count":0,"href":"https:\/\/www.europesays.com\/fr\/wp-json\/wp\/v2\/posts\/438614\/revisions"}],"wp:featuredmedia":[{"embeddable":true,"href":"https:\/\/www.europesays.com\/fr\/wp-json\/wp\/v2\/media\/438615"}],"wp:attachment":[{"href":"https:\/\/www.europesays.com\/fr\/wp-json\/wp\/v2\/media?parent=438614"}],"wp:term":[{"taxonomy":"category","embeddable":true,"href":"https:\/\/www.europesays.com\/fr\/wp-json\/wp\/v2\/categories?post=438614"},{"taxonomy":"post_tag","embeddable":true,"href":"https:\/\/www.europesays.com\/fr\/wp-json\/wp\/v2\/tags?post=438614"}],"curies":[{"name":"wp","href":"https:\/\/api.w.org\/{rel}","templated":true}]}}