{"id":438620,"date":"2025-10-04T12:40:10","date_gmt":"2025-10-04T12:40:10","guid":{"rendered":"https:\/\/www.europesays.com\/fr\/438620\/"},"modified":"2025-10-04T12:40:10","modified_gmt":"2025-10-04T12:40:10","slug":"braquages-violents-de-livreurs-de-tabac-pres-de-rennes-huit-suspects-interpelles","status":"publish","type":"post","link":"https:\/\/www.europesays.com\/fr\/438620\/","title":{"rendered":"Braquages violents de livreurs de tabac pr\u00e8s de Rennes : huit suspects interpell\u00e9s"},"content":{"rendered":"<p>            Par<br \/>\n        <strong><br \/>\n            <a href=\"https:\/\/actu.fr\/auteur\/brian-legoff\" title=\"Consulter tous les articles de Brian Le Goff\" target=\"_blank\" rel=\"noopener\">Brian Le Goff<\/a><br \/>\n        <\/strong><\/p>\n<p>        Publi\u00e9 le<\/p>\n<p>            4 oct. 2025 \u00e0 14h08        <\/p>\n<p><strong data-start=\"125\" data-end=\"153\">Trois braquages violents<\/strong>, des livreurs pass\u00e9s \u00e0 tabac, <strong>pr\u00e8s d\u2019un demi-million d\u2019euros envol\u00e9s<\/strong> en cartons de cigarettes\u2026 et des investigations men\u00e9es tambour battant. Les enqu\u00eateurs ont mis fin \u00e0 une <strong>s\u00e9rie d\u2019attaques<\/strong> de camions de livraison de tabac <strong>dignes d\u2019un film de casse<\/strong>, qui se sont d\u00e9roul\u00e9s \u00e0 Chantepie, au Rheu, pr\u00e8s de <a href=\"https:\/\/actu.fr\/rennes\/\" target=\"_blank\" rel=\"noopener\">Rennes<\/a>, et \u00e0 Saint-Germain-en-Cogl\u00e8s, \u00e0 l\u2019ouest de <a href=\"https:\/\/actu.fr\/la-chronique-republicaine\/\" target=\"_blank\" rel=\"noopener\">Foug\u00e8res<\/a>, entre f\u00e9vrier et juillet\u00a02025, indique\u00a0<strong data-start=\"556\" data-end=\"576\">Fr\u00e9d\u00e9ric Teillet<\/strong>. Vendredi 3\u00a0octobre 2025, le procureur de la R\u00e9publique au tribunal judiciaire de Rennes a annonc\u00e9 que huit suspects ont \u00e9t\u00e9 interpell\u00e9s fin septembre dans le cadre de ces affaires.<\/p>\n<p>Chantepie\u2009: le premier braquage<\/p>\n<p class=\" wall-content\">Le 25\u00a0f\u00e9vrier 2025, un <strong>v\u00e9hicule<\/strong> transportant plusieurs cartons de produits de tabac<strong> s\u2019appr\u00eate \u00e0 livrer<\/strong> un bureau de tabac lorsqu\u2019un <strong>groupe d\u2019individus masqu\u00e9s<\/strong> et pour certains arm\u00e9s attaque le chauffeur.<\/p>\n<p class=\" wall-content\">La marchandise est d\u00e9rob\u00e9e et le <strong>v\u00e9hicule utilis\u00e9, vol\u00e9<\/strong> la veille \u00e0 Noyal-Ch\u00e2tillon-sur-Seiche, est <strong>retrouv\u00e9 calcin\u00e9<\/strong>. \u00ab\u2009La DCOS 35 a \u00e9t\u00e9 saisie des faits par le parquet de Rennes, qualifi\u00e9s initialement de vols en bande organis\u00e9e et association de malfaiteurs.\u2009\u00bb<\/p>\n<p>Deux autres attaques sur le m\u00eame mode op\u00e9ratoire<\/p>\n<p class=\" wall-content\"><strong>Le 11\u00a0avril<\/strong> au Rheu et <strong>le 2\u00a0juillet<\/strong> \u00e0 Saint-Germain-en-Cogl\u00e8s, des livreurs sont \u00e0 nouveau agress\u00e9s. Les cartons de tabac leur sont d\u00e9rob\u00e9s par des groupes arm\u00e9s utilisant des v\u00e9hicules pr\u00e9alablement vol\u00e9s.<\/p>\n<p class=\" wall-content\">L\u2019enqu\u00eate a \u00e9t\u00e9 successivement \u00e9tendue \u00e0 l\u2019ensemble de ces faits.<\/p>\n<blockquote class=\"ac-article-quote wall-content\">\n<p>L\u2019ensemble des victimes d\u00e9posent plainte et plusieurs d\u2019entre elles pr\u00e9sentent des interruptions totales de travail (entre 1 et 45 jours), t\u00e9moignant de la violence des faits. La soci\u00e9t\u00e9 LOGISTA et la soci\u00e9t\u00e9 FRAIKIN d\u00e9plorent un pr\u00e9judice de presque 500 000 \u20ac concernant le vol des marchandises de tabac.<\/p>\n<p>    <strong>Fr\u00e9d\u00e9ric Teillet<\/strong><br \/>\n        Procureur de Rennes    <\/p><\/blockquote>\n<p>Votre r\u00e9gion, votre actu !<\/p>\n<p>Recevez chaque jour les infos qui comptent pour vous.<\/p>\n<p>\t<a href=\"https:\/\/actu.fr\/newsletter\" class=\"ac-btn ac-btn--corner ac-btn--medium ac-btn--blue800\" target=\"_blank\" rel=\"noopener\">S&rsquo;incrire<\/a><br \/>\nHuit interpellations, cinq pr\u00e9sentations \u00e0 la justice<\/p>\n<p class=\" wall-content\">Gr\u00e2ce aux \u00ab\u2009nombreuses et minutieuses <strong>investigations t\u00e9l\u00e9phoniques et g\u00e9n\u00e9tiques\u2009\u00bb<\/strong>, les enqu\u00eateurs parviennent \u00e0 identifier plusieurs suspects.<\/p>\n<p class=\" wall-content\">Une op\u00e9ration d\u2019interpellations est organis\u00e9e \u00e0 compter du lundi 29\u00a0septembre. Huit individus sont alors plac\u00e9s en garde-\u00e0-vue et entendus sur les faits. La <strong>plupart font usage de leur droit au silence<\/strong>.<\/p>\n<p class=\" wall-content\">\u00c0 l\u2019issue de la garde \u00e0 vue, <strong data-start=\"2208\" data-end=\"2230\">cinq d\u2019entre elles<\/strong> \u2014 trois majeurs et deux mineurs au moment des faits \u2014 ont \u00e9t\u00e9 pr\u00e9sent\u00e9es \u00e0 la justice.<\/p>\n<p>Des suspects d\u00e9j\u00e0 connus de la justice<\/p>\n<p class=\" wall-content\">Les deux suspects mineurs au moment des faits, aujourd\u2019hui majeurs, sont\u00a0<strong data-start=\"2448\" data-end=\"2477\">d\u00e9j\u00e0 connus de la justice<\/strong>, notamment pour des\u00a0<strong data-start=\"2498\" data-end=\"2515\">vols aggrav\u00e9s<\/strong>.<\/p>\n<p class=\" wall-content\">L\u2019un d\u2019eux est\u00a0<strong data-start=\"2534\" data-end=\"2580\">actuellement d\u00e9tenu pour une autre affaire<\/strong>. Tous deux sont poursuivis\u00a0<strong data-start=\"2608\" data-end=\"2638\">en \u00e9tat de r\u00e9cidive l\u00e9gale<\/strong>. La peine encourue est de 10\u00a0ans.<\/p>\n<p class=\" wall-content\">Le parquet de Rennes a demand\u00e9 le\u00a0<strong data-start=\"2677\" data-end=\"2714\">placement en d\u00e9tention provisoire<\/strong>\u00a0des cinq mis en cause.<\/p>\n<p class=\" wall-content\">Deux majeurs ont \u00e9t\u00e9 \u00e9crou\u00e9s, un troisi\u00e8me plac\u00e9 sous\u00a0<strong data-start=\"2794\" data-end=\"2817\">contr\u00f4le judiciaire<\/strong>, et les deux anciens mineurs ont \u00e9galement \u00e9t\u00e9\u00a0<strong data-start=\"2865\" data-end=\"2899\">plac\u00e9s en d\u00e9tention provisoire<\/strong>.<\/p>\n<p>Les proc\u00e8s attendus en octobre et novembre<\/p>\n<p class=\" wall-content\">Les <strong data-start=\"2966\" data-end=\"3002\">deux mineurs au moment des faits<\/strong>\u00a0doivent \u00eatre jug\u00e9s\u00a0<strong data-start=\"3022\" data-end=\"3039\">le 14\u00a0octobre<\/strong> par le tribunal pour enfants de Rennes. Les\u00a0<strong data-start=\"3086\" data-end=\"3103\">trois majeurs<\/strong>\u00a0compara\u00eetront quant \u00e0 eux\u00a0<strong data-start=\"3130\" data-end=\"3148\">le 19\u00a0novembre<\/strong>\u00a0devant le\u00a0<strong data-start=\"3159\" data-end=\"3195\">tribunal correctionnel de Rennes<\/strong>.<\/p>\n<p class=\" wall-content\">Personnalisez votre actualit\u00e9 en ajoutant vos villes et m\u00e9dias en favori avec <a href=\"https:\/\/moncompte.actu.fr\" title=\"D\u00e9couvez Mon Actu\" rel=\"nofollow noopener\" data-trk=\"{&quot;cta&quot;:{&quot;action&quot;:&quot;https:\\\/\\\/moncompte.actu.fr&quot;,&quot;category&quot;:&quot;mon compte&quot;,&quot;from&quot;:&quot;article footer&quot;,&quot;name&quot;:&quot;Mon actu&quot;,&quot;type&quot;:&quot;cta&quot;}}\" target=\"_blank\">Mon Actu<\/a>.<\/p>\n","protected":false},"excerpt":{"rendered":"Par Brian Le Goff Publi\u00e9 le 4 oct. 2025 \u00e0 14h08 Trois braquages violents, des livreurs pass\u00e9s \u00e0&hellip;\n","protected":false},"author":2,"featured_media":438621,"comment_status":"","ping_status":"","sticky":false,"template":"","format":"standard","meta":{"footnotes":""},"categories":[2821],"tags":[1111,11,829,1777,674,118,1011,27,303,12,1072,584,25],"class_list":{"0":"post-438620","1":"post","2":"type-post","3":"status-publish","4":"format-standard","5":"has-post-thumbnail","7":"category-rennes","8":"tag-actu","9":"tag-actualites","10":"tag-bretagne","11":"tag-eu","12":"tag-europe","13":"tag-faits-divers","14":"tag-fr","15":"tag-france","16":"tag-justice","17":"tag-news","18":"tag-police","19":"tag-rennes","20":"tag-republique-francaise"},"share_on_mastodon":{"url":"https:\/\/pubeurope.com\/@fr\/115315947957264361","error":""},"_links":{"self":[{"href":"https:\/\/www.europesays.com\/fr\/wp-json\/wp\/v2\/posts\/438620","targetHints":{"allow":["GET"]}}],"collection":[{"href":"https:\/\/www.europesays.com\/fr\/wp-json\/wp\/v2\/posts"}],"about":[{"href":"https:\/\/www.europesays.com\/fr\/wp-json\/wp\/v2\/types\/post"}],"author":[{"embeddable":true,"href":"https:\/\/www.europesays.com\/fr\/wp-json\/wp\/v2\/users\/2"}],"replies":[{"embeddable":true,"href":"https:\/\/www.europesays.com\/fr\/wp-json\/wp\/v2\/comments?post=438620"}],"version-history":[{"count":0,"href":"https:\/\/www.europesays.com\/fr\/wp-json\/wp\/v2\/posts\/438620\/revisions"}],"wp:featuredmedia":[{"embeddable":true,"href":"https:\/\/www.europesays.com\/fr\/wp-json\/wp\/v2\/media\/438621"}],"wp:attachment":[{"href":"https:\/\/www.europesays.com\/fr\/wp-json\/wp\/v2\/media?parent=438620"}],"wp:term":[{"taxonomy":"category","embeddable":true,"href":"https:\/\/www.europesays.com\/fr\/wp-json\/wp\/v2\/categories?post=438620"},{"taxonomy":"post_tag","embeddable":true,"href":"https:\/\/www.europesays.com\/fr\/wp-json\/wp\/v2\/tags?post=438620"}],"curies":[{"name":"wp","href":"https:\/\/api.w.org\/{rel}","templated":true}]}}