{"id":438622,"date":"2025-10-04T12:41:11","date_gmt":"2025-10-04T12:41:11","guid":{"rendered":"https:\/\/www.europesays.com\/fr\/438622\/"},"modified":"2025-10-04T12:41:11","modified_gmt":"2025-10-04T12:41:11","slug":"une-mini-foret-de-1-000-arbres-detruite-pres-de-rennes","status":"publish","type":"post","link":"https:\/\/www.europesays.com\/fr\/438622\/","title":{"rendered":"Une mini-for\u00eat de 1\u00a0000 arbres d\u00e9truite pr\u00e8s de Rennes"},"content":{"rendered":"<p class=\"paragraph text_align_left lp-f-body-02\">Voil\u00e0 d\u00e9j\u00e0 plusieurs semaines que le chantier est lanc\u00e9. \u00c0 Saint-Gr\u00e9goire, pr\u00e8s de Rennes, le laboratoire pharmaceutique Bioprojet construit son nouveau centre de recherche d\u00e9di\u00e9 au traitement de pathologies complexes comme l\u2019autisme, la <a href=\"https:\/\/www.leparisien.fr\/societe\/sante\/sante-mentale-un-quart-des-jeunes-francais-seraient-atteints-de-depression-02-09-2025-6MK2F63ZZFATDJXREVQP2NOX7I.php\" target=\"_self\" rel=\"noopener\">d\u00e9pression<\/a> ou les troubles du sommeil. Montant de l\u2019investissement\u00a0: 30\u00a0millions d\u2019euros divis\u00e9s \u00e0 parts \u00e9gales entre Bioprojet et la Banque populaire Grand Ouest (BPGO) qui a c\u00e9d\u00e9 une partie de sa r\u00e9serve fonci\u00e8re pour accueillir ce centre.<\/p>\n<p class=\"paragraph text_align_left lp-f-body-02\">Le constructeur Lamotte qualifie sur son site Internet le chantier d\u2019 \u00ab\u00a0exemplaire, \u00e0 faible impact environnemental\u00a0\u00bb. Sauf que l\u2019ambitieuse op\u00e9ration baptis\u00e9e Canop\u00e9e a n\u00e9cessit\u00e9 de d\u00e9truire une mini-for\u00eat de 1\u00a0000 arbres qui avait \u00e9t\u00e9 plant\u00e9e \u00e0 cet endroit fin 2021. L\u2019initiative en faveur de la biodiversit\u00e9 est pourtant r\u00e9pertori\u00e9e dans le rapport RSE (Responsabilit\u00e9 Soci\u00e9tale des entreprises) 2023 de la BPGO o\u00f9 elle liste ses engagements environnementaux.<\/p>\n<p class=\"paragraph text_align_left lp-f-body-02\">L\u2019id\u00e9e de la mini-for\u00eat avait germ\u00e9 au sein de la Communaut\u00e9 Respire compos\u00e9e d\u2019une centaine de collaborateurs volontaires de la banque qui portent des actions pour d\u00e9carboner l\u2019entreprise. \u00ab\u00a0Les salari\u00e9s \u00e9taient vraiment motiv\u00e9s par le projet qu\u2019ils avaient d\u00e9fendu aupr\u00e8s de leur direction\u00a0\u00bb, se souvient Eve Coignot, la paysagiste conceptrice qui les a accompagn\u00e9s.<\/p>\n<p>Quelques arbres pr\u00e9serv\u00e9s\u00a0?<\/p>\n<p class=\"paragraph text_align_left lp-f-body-02\">Une grande journ\u00e9e de plantation avait \u00e9t\u00e9 organis\u00e9e le 27\u00a0novembre 2021, sous la pluie, pour cr\u00e9er sur 300\u00a0m2 cette mini-for\u00eat en s\u2019inspirant de la <a href=\"https:\/\/www.leparisien.fr\/paris-75\/plantation-de-forets-urbaines-nous-manquons-de-recul-sur-ces-micro-forets-12-02-2022-OBIF72TDUZB23CFBWLQGAUZW5Y.php\" target=\"_self\" rel=\"noopener\">c\u00e9l\u00e8bre m\u00e9thode japonaise Miyawaki<\/a> (v\u00e9g\u00e9talisation express pour restaurer un \u00e9cosyst\u00e8me forestier autonome apr\u00e8s trois ans). Aussi bien les adultes que les enfants, tout le monde avait chauss\u00e9 les bottes pour planter les fr\u00eanes, ch\u00eanes, \u00e9rables champ\u00eatres, et autres aub\u00e9pines et sureaux.<\/p>\n<p class=\"paragraph text_align_left lp-f-body-02\">Au final, la mini-for\u00eat n\u2019aura pas eu le temps de s\u00e9questrer beaucoup de carbone avant d\u2019\u00eatre balay\u00e9e par des imp\u00e9ratifs \u00e9conomiques, alors que le foncier se fait de plus en plus rare aux portes de Rennes.<\/p>\n<p class=\"paragraph text_align_left lp-f-body-02\">\u00ab\u00a0J\u2019aurais au moins aim\u00e9 \u00eatre tenue au courant\u00a0\u00bb, regrette la paysagiste Eve Coignot. Directeur de la communication de BPGO, Emmanuel Siefer-Gaillardin explique que certains arbres, \u00ab\u00a0les plus beaux sujets, pr\u00e9cise-t-il, ont \u00e9t\u00e9 d\u00e9plac\u00e9s, avant le d\u00e9marrage des travaux, et pr\u00e9serv\u00e9s pour \u00eatre int\u00e9gr\u00e9s ult\u00e9rieurement dans l\u2019espace paysager\u00a0\u00bb.<\/p>\n<p class=\"paragraph text_align_left lp-f-body-02\">Mais impossible de savoir combien et comment. Et d\u2019ajouter que \u00ab\u00a0toute for\u00eat doit \u00eatre entretenue. C\u2019est un processus notable et souhaitable de s\u00e9lection car les arbres se g\u00eanent les uns les autres pour grandir\u00a0\u00bb. Or, le concept des mini-for\u00eats est justement fond\u00e9 sur la forte densit\u00e9 et la diversit\u00e9 des essences indig\u00e8nes qui permet au contraire une croissance acc\u00e9l\u00e9r\u00e9e et une grande r\u00e9silience.<\/p>\n<p class=\"paragraph text_align_left lp-f-body-02\">\u00ab\u00a0Si des sp\u00e9cimens ont \u00e9t\u00e9 conserv\u00e9s, je doute qu\u2019ils soient en bonne forme. Priv\u00e9s de leur \u00e9cosyst\u00e8me, ils auront du mal \u00e0 repartir une fois replant\u00e9s\u00a0\u00bb, observe un sp\u00e9cialiste des mini-for\u00eats qui pr\u00e9f\u00e8re rester anonyme. Contact\u00e9s, ni Lamotte ni Id Verde, l\u2019entreprise charg\u00e9e des futurs espaces verts du site, n\u2019ont r\u00e9pondu \u00e0 nos questions.<\/p>\n","protected":false},"excerpt":{"rendered":"Voil\u00e0 d\u00e9j\u00e0 plusieurs semaines que le chantier est lanc\u00e9. \u00c0 Saint-Gr\u00e9goire, pr\u00e8s de Rennes, le laboratoire pharmaceutique Bioprojet&hellip;\n","protected":false},"author":2,"featured_media":438623,"comment_status":"","ping_status":"","sticky":false,"template":"","format":"standard","meta":{"footnotes":""},"categories":[2821],"tags":[1111,917,11,829,459,1777,674,1011,27,3746,4517,12,584,25],"class_list":{"0":"post-438622","1":"post","2":"type-post","3":"status-publish","4":"format-standard","5":"has-post-thumbnail","7":"category-rennes","8":"tag-actu","9":"tag-actu-locale","10":"tag-actualites","11":"tag-bretagne","12":"tag-departements-horsidfo","13":"tag-eu","14":"tag-europe","15":"tag-fr","16":"tag-france","17":"tag-futurs","18":"tag-ille-et-vilaine-35","19":"tag-news","20":"tag-rennes","21":"tag-republique-francaise"},"share_on_mastodon":{"url":"https:\/\/pubeurope.com\/@fr\/115315951922383536","error":""},"_links":{"self":[{"href":"https:\/\/www.europesays.com\/fr\/wp-json\/wp\/v2\/posts\/438622","targetHints":{"allow":["GET"]}}],"collection":[{"href":"https:\/\/www.europesays.com\/fr\/wp-json\/wp\/v2\/posts"}],"about":[{"href":"https:\/\/www.europesays.com\/fr\/wp-json\/wp\/v2\/types\/post"}],"author":[{"embeddable":true,"href":"https:\/\/www.europesays.com\/fr\/wp-json\/wp\/v2\/users\/2"}],"replies":[{"embeddable":true,"href":"https:\/\/www.europesays.com\/fr\/wp-json\/wp\/v2\/comments?post=438622"}],"version-history":[{"count":0,"href":"https:\/\/www.europesays.com\/fr\/wp-json\/wp\/v2\/posts\/438622\/revisions"}],"wp:featuredmedia":[{"embeddable":true,"href":"https:\/\/www.europesays.com\/fr\/wp-json\/wp\/v2\/media\/438623"}],"wp:attachment":[{"href":"https:\/\/www.europesays.com\/fr\/wp-json\/wp\/v2\/media?parent=438622"}],"wp:term":[{"taxonomy":"category","embeddable":true,"href":"https:\/\/www.europesays.com\/fr\/wp-json\/wp\/v2\/categories?post=438622"},{"taxonomy":"post_tag","embeddable":true,"href":"https:\/\/www.europesays.com\/fr\/wp-json\/wp\/v2\/tags?post=438622"}],"curies":[{"name":"wp","href":"https:\/\/api.w.org\/{rel}","templated":true}]}}