{"id":438634,"date":"2025-10-04T12:48:12","date_gmt":"2025-10-04T12:48:12","guid":{"rendered":"https:\/\/www.europesays.com\/fr\/438634\/"},"modified":"2025-10-04T12:48:12","modified_gmt":"2025-10-04T12:48:12","slug":"coup-de-coeur-pour-ce-chateau-bordelais-familial-a-prix-accessible","status":"publish","type":"post","link":"https:\/\/www.europesays.com\/fr\/438634\/","title":{"rendered":"Coup de c\u0153ur pour ce ch\u00e2teau bordelais familial \u00e0 prix accessible"},"content":{"rendered":"<p>    Ch\u00e2teau Peller-Laroque, pr\u00e8s de Cadillac (Gironde).<br \/>\n                NV<\/p>\n<p>Au sud de Bordeaux, la famille Rousselon produit des vins rac\u00e9s loin des projecteurs.<\/p>\n<p class=\"fig-paragraph\">\u00c0 Cadillac, entre les\u00a0<a href=\"https:\/\/avis-vin.lefigaro.fr\/connaitre-deguster\/tout-savoir-sur-le-vin\/guide-des-regions-et-des-appellations\/bordeaux\/graves\" target=\"_blank\" rel=\"sponsored noopener nofollow\" data-gtm-custom-categorie=\"navigation\" data-gtm-custom-action=\"crossclick\" data-gtm-custom-label=\"Contextuel\" data-gtm-event=\"customEventSPE\">Graves<\/a>\u00a0et l\u2019<a href=\"https:\/\/avis-vin.lefigaro.fr\/connaitre-deguster\/tout-savoir-sur-le-vin\/guide-des-regions-et-des-appellations\/bordeaux\/entre-deux-mers\/appellation-entre-deux-mers\" target=\"_blank\" rel=\"noopener nofollow\" data-gtm-custom-categorie=\"navigation\" data-gtm-custom-action=\"crossclick\" data-gtm-custom-label=\"Contextuel\" data-gtm-event=\"customEventSPE\">Entre-deux-Mers<\/a>, certains ne font pas de bruit mais beaucoup de bien. Le ch\u00e2teau Peller-Laroque, dans la famille Rousselon depuis plusieurs g\u00e9n\u00e9rations, cultive ses vignes \u00e0 Laroque, joli village bordelais lov\u00e9 entre bois et ruisseaux, \u00e0 quelques encablures de la Garonne. Ici, tout est \u00e0 taille humaine, pens\u00e9 avec soin. Chaque parcelle est cern\u00e9e de nature, et la b\u00e2tisse datant de 1888 respire encore l\u2019\u00e9l\u00e9gance tranquille des propri\u00e9t\u00e9s rurales d\u2019antan. Leur cuv\u00e9e R\u00e9serve (12,90 \u20ac) incarne ce\u00a0<a href=\"https:\/\/avis-vin.lefigaro.fr\/connaitre-deguster\/tout-savoir-sur-le-vin\/guide-des-regions-et-des-appellations\/bordeaux\" target=\"_blank\" rel=\"noopener nofollow\" data-gtm-custom-categorie=\"navigation\" data-gtm-custom-action=\"crossclick\" data-gtm-custom-label=\"Contextuel\" data-gtm-event=\"customEventSPE\">bordeaux<\/a>\u00a0discret mais rac\u00e9.<\/p>\n<p class=\"fig-body-link\">\n            \u00c0 lire aussi<br \/>\n        <a class=\"fig-body-link__link fig-premium-mark\" href=\"http:\/\/avis-vin.lefigaro.fr\/primeurs\/les-20-vins-de-bordeaux-2024-au-rapport-qualite-prix-exceptionnel-entre-9-et-25-euros-20250628\" target=\"_blank\" data-fig-type=\"Article\" rel=\"noopener nofollow\" data-gtm-custom-categorie=\"navigation\" data-gtm-custom-action=\"crossclick\" data-gtm-custom-label=\"Contextuel\" data-gtm-event=\"customEventSPE\" data-fig-domain=\"AVIS_VIN\">Notre s\u00e9lection des 20 vins de Bordeaux 2024 au rapport qualit\u00e9-prix exceptionnel, entre 9 et 25 euros<br \/>\n    <\/a>\n<\/p>\n<p class=\"fig-paragraph\"><a href=\"https:\/\/avis-vin.lefigaro.fr\/connaitre-deguster\/tout-savoir-sur-le-vin\/guide-des-cepages\/merlot\" target=\"_blank\" rel=\"noopener nofollow\" data-gtm-custom-categorie=\"navigation\" data-gtm-custom-action=\"crossclick\" data-gtm-custom-label=\"Contextuel\" data-gtm-event=\"customEventSPE\">Merlot<\/a>\u00a0et\u00a0<a href=\"https:\/\/avis-vin.lefigaro.fr\/connaitre-deguster\/tout-savoir-sur-le-vin\/guide-des-cepages\/cabernet-sauvignon\" target=\"_blank\" rel=\"noopener nofollow\" data-gtm-custom-categorie=\"navigation\" data-gtm-custom-action=\"crossclick\" data-gtm-custom-label=\"Contextuel\" data-gtm-event=\"customEventSPE\">cabernet sauvignon<\/a>\u00a0s\u2019y assemblent avec pr\u00e9cision, vinifi\u00e9s en cuve b\u00e9ton apr\u00e8s une mac\u00e9ration \u00e0 froid, puis \u00e9lev\u00e9s quatorze mois en f\u00fbt de ch\u00eane. \u00c0 la cl\u00e9, une robe grenat profond, un nez d\u2019\u00e9pices, de fruits noirs et de chocolat, une bouche cors\u00e9e mais velout\u00e9e, longue, parfaitement \u00e9quilibr\u00e9e entre puissance et tanins fondus. Un vin de repas, qui aime les sauces, les amis, et les dimanches qui s\u2019\u00e9ternisent. Typique d\u2019un bordeaux de r\u00e9sistance, qui parie sur la justesse plut\u00f4t que sur l\u2019esbroufe et rappelle que, dans le vignoble girondin, l\u2019\u00e9l\u00e9gance se cultive aussi \u00e0 l\u2019\u00e9cart des projecteurs.<\/p>\n<p>                                    <a class=\"fig-a11y-skip a11y-hidden\" href=\"#fig-a11y-skip-main-inarticle\"><br \/>\n        Passer la publicit\u00e9<br \/>\n    <\/a><\/p>\n<p class=\"fig-paragraph\">www.peller-laroque.fr<\/p>\n","protected":false},"excerpt":{"rendered":"Ch\u00e2teau Peller-Laroque, pr\u00e8s de Cadillac (Gironde). NV Au sud de Bordeaux, la famille Rousselon produit des vins rac\u00e9s&hellip;\n","protected":false},"author":2,"featured_media":438635,"comment_status":"","ping_status":"","sticky":false,"template":"","format":"standard","meta":{"footnotes":""},"categories":[2817],"tags":[1111,11,1997,4462,1777,674,1011,27,12,2219,25],"class_list":{"0":"post-438634","1":"post","2":"type-post","3":"status-publish","4":"format-standard","5":"has-post-thumbnail","7":"category-bordeaux","8":"tag-actu","9":"tag-actualites","10":"tag-bordeaux","11":"tag-degustation","12":"tag-eu","13":"tag-europe","14":"tag-fr","15":"tag-france","16":"tag-news","17":"tag-nouvelle-aquitaine","18":"tag-republique-francaise"},"share_on_mastodon":{"url":"https:\/\/pubeurope.com\/@fr\/115315979330907492","error":""},"_links":{"self":[{"href":"https:\/\/www.europesays.com\/fr\/wp-json\/wp\/v2\/posts\/438634","targetHints":{"allow":["GET"]}}],"collection":[{"href":"https:\/\/www.europesays.com\/fr\/wp-json\/wp\/v2\/posts"}],"about":[{"href":"https:\/\/www.europesays.com\/fr\/wp-json\/wp\/v2\/types\/post"}],"author":[{"embeddable":true,"href":"https:\/\/www.europesays.com\/fr\/wp-json\/wp\/v2\/users\/2"}],"replies":[{"embeddable":true,"href":"https:\/\/www.europesays.com\/fr\/wp-json\/wp\/v2\/comments?post=438634"}],"version-history":[{"count":0,"href":"https:\/\/www.europesays.com\/fr\/wp-json\/wp\/v2\/posts\/438634\/revisions"}],"wp:featuredmedia":[{"embeddable":true,"href":"https:\/\/www.europesays.com\/fr\/wp-json\/wp\/v2\/media\/438635"}],"wp:attachment":[{"href":"https:\/\/www.europesays.com\/fr\/wp-json\/wp\/v2\/media?parent=438634"}],"wp:term":[{"taxonomy":"category","embeddable":true,"href":"https:\/\/www.europesays.com\/fr\/wp-json\/wp\/v2\/categories?post=438634"},{"taxonomy":"post_tag","embeddable":true,"href":"https:\/\/www.europesays.com\/fr\/wp-json\/wp\/v2\/tags?post=438634"}],"curies":[{"name":"wp","href":"https:\/\/api.w.org\/{rel}","templated":true}]}}