{"id":438636,"date":"2025-10-04T12:49:11","date_gmt":"2025-10-04T12:49:11","guid":{"rendered":"https:\/\/www.europesays.com\/fr\/438636\/"},"modified":"2025-10-04T12:49:11","modified_gmt":"2025-10-04T12:49:11","slug":"un-homme-de-25-ans-retrouve-mort-dans-sa-cellule-pendant-sa-garde-a-vue","status":"publish","type":"post","link":"https:\/\/www.europesays.com\/fr\/438636\/","title":{"rendered":"un homme de 25 ans retrouv\u00e9 mort dans sa cellule pendant sa garde \u00e0 vue"},"content":{"rendered":"<p>            Par<br \/>\n        <strong><br \/>\n            <a href=\"https:\/\/actu.fr\/auteur\/charlotte-lesprit\" title=\"Consulter tous les articles de Charlotte Lesprit\" target=\"_blank\" rel=\"noopener\">Charlotte Lesprit<\/a><br \/>\n        <\/strong><\/p>\n<p>        Publi\u00e9 le<\/p>\n<p>            4 oct. 2025 \u00e0 14h36        <\/p>\n<p>Plac\u00e9 en garde \u00e0 vue mardi 30\u00a0septembre 2025, au commissariat de <a href=\"https:\/\/actu.fr\/tag\/police\" target=\"_blank\" rel=\"noopener\">police<\/a> de Bordeaux, un homme de 25\u00a0ans, sans domicile fixe, a \u00e9t\u00e9 retrouv\u00e9<strong> inanim\u00e9 dans sa cellule<\/strong> mercredi 1er\u00a0octobre.<\/p>\n<p class=\" wall-content\">Le jeune homme avait \u00e9t\u00e9 interpell\u00e9 dans le cadre d\u2019une enqu\u00eate pr\u00e9liminaire men\u00e9e sous la direction du parquet du procureur de la R\u00e9publique, aupr\u00e8s du tribunal judiciaire de B\u00e9ziers, pour des<strong> faits de vol par effraction<\/strong> en octobre\u00a02024 \u00e0 B\u00e9ziers (H\u00e9rault).<\/p>\n<p class=\" wall-content\">\u00ab\u2009Le lendemain, en d\u00e9but d\u2019apr\u00e8s-midi, l\u2019int\u00e9ress\u00e9 a \u00e9t\u00e9 d\u00e9couvert inanim\u00e9 dans sa cellule de garde \u00e0 vue, o\u00f9 <strong>il se trouvait seul<\/strong>. Son d\u00e9c\u00e8s a rapidement \u00e9t\u00e9 constat\u00e9\u2009\u00bb, pr\u00e9cise le parquet de Bordeaux, samedi 4\u00a0octobre.<\/p>\n<p>Aucun signe de violence volontaire<\/p>\n<p class=\" wall-content\">Une enqu\u00eate en recherche des causes de la mort a \u00e9t\u00e9 confi\u00e9e \u00e0 la<strong> division de la criminalit\u00e9 territoriale<\/strong> (DCT 33). \u00ab\u2009Le m\u00e9decin l\u00e9giste, qui s\u2019est \u00e9galement d\u00e9plac\u00e9, n\u2019a d\u00e9cel\u00e9 aucune trace de violence sur le corps\u2009\u00bb, pr\u00e9cise le parquet tout en mentionnant que \u00ab\u2009son \u00e9tat avait \u00e9t\u00e9 jug\u00e9 compatible avec une mesure de garde \u00e0 vue\u2009\u00bb. L\u2019homme avait \u00e9t\u00e9 examin\u00e9 la veille de son d\u00e9c\u00e8s par un m\u00e9decin.<\/p>\n<p class=\" wall-content\">Par ailleurs, <strong>l\u2019autopsie<\/strong> r\u00e9alis\u00e9e vendredi 3\u00a0octobre n\u2019a mis en \u00e9vidence aucun \u00ab\u2009\u00e9l\u00e9ment traumatique de nature \u00e0 faire suspecter l\u2019intervention directe et violente d\u2019un tiers\u2009\u00bb ayant pour intention de donner la mort.<\/p>\n<p class=\" wall-content\">\u00ab\u2009Des examens compl\u00e9mentaires doivent encore intervenir pour pr\u00e9ciser l\u2019origine du d\u00e9c\u00e8s\u00bb, conclut le parquet. L\u2019homme de 25\u00a0ans \u00e9tait connu pour sa prise de <a href=\"https:\/\/actu.fr\/tag\/drogue\" target=\"_blank\" rel=\"noopener\">produits stup\u00e9fiants<\/a>.<\/p>\n<p class=\" wall-content\">Personnalisez votre actualit\u00e9 en ajoutant vos villes et m\u00e9dias en favori avec <a href=\"https:\/\/moncompte.actu.fr\" title=\"D\u00e9couvez Mon Actu\" rel=\"nofollow noopener\" data-trk=\"{&quot;cta&quot;:{&quot;action&quot;:&quot;https:\\\/\\\/moncompte.actu.fr&quot;,&quot;category&quot;:&quot;mon compte&quot;,&quot;from&quot;:&quot;article footer&quot;,&quot;name&quot;:&quot;Mon actu&quot;,&quot;type&quot;:&quot;cta&quot;}}\" target=\"_blank\">Mon Actu<\/a>.<\/p>\n","protected":false},"excerpt":{"rendered":"Par Charlotte Lesprit Publi\u00e9 le 4 oct. 2025 \u00e0 14h36 Plac\u00e9 en garde \u00e0 vue mardi 30\u00a0septembre 2025,&hellip;\n","protected":false},"author":2,"featured_media":438637,"comment_status":"","ping_status":"","sticky":false,"template":"","format":"standard","meta":{"footnotes":""},"categories":[2817],"tags":[1111,11,1997,1052,1777,674,118,1011,27,12,2219,1072,25,7559],"class_list":{"0":"post-438636","1":"post","2":"type-post","3":"status-publish","4":"format-standard","5":"has-post-thumbnail","7":"category-bordeaux","8":"tag-actu","9":"tag-actualites","10":"tag-bordeaux","11":"tag-drogue","12":"tag-eu","13":"tag-europe","14":"tag-faits-divers","15":"tag-fr","16":"tag-france","17":"tag-news","18":"tag-nouvelle-aquitaine","19":"tag-police","20":"tag-republique-francaise","21":"tag-tribunal-de-bordeaux"},"share_on_mastodon":{"url":"https:\/\/pubeurope.com\/@fr\/115315983306498039","error":""},"_links":{"self":[{"href":"https:\/\/www.europesays.com\/fr\/wp-json\/wp\/v2\/posts\/438636","targetHints":{"allow":["GET"]}}],"collection":[{"href":"https:\/\/www.europesays.com\/fr\/wp-json\/wp\/v2\/posts"}],"about":[{"href":"https:\/\/www.europesays.com\/fr\/wp-json\/wp\/v2\/types\/post"}],"author":[{"embeddable":true,"href":"https:\/\/www.europesays.com\/fr\/wp-json\/wp\/v2\/users\/2"}],"replies":[{"embeddable":true,"href":"https:\/\/www.europesays.com\/fr\/wp-json\/wp\/v2\/comments?post=438636"}],"version-history":[{"count":0,"href":"https:\/\/www.europesays.com\/fr\/wp-json\/wp\/v2\/posts\/438636\/revisions"}],"wp:featuredmedia":[{"embeddable":true,"href":"https:\/\/www.europesays.com\/fr\/wp-json\/wp\/v2\/media\/438637"}],"wp:attachment":[{"href":"https:\/\/www.europesays.com\/fr\/wp-json\/wp\/v2\/media?parent=438636"}],"wp:term":[{"taxonomy":"category","embeddable":true,"href":"https:\/\/www.europesays.com\/fr\/wp-json\/wp\/v2\/categories?post=438636"},{"taxonomy":"post_tag","embeddable":true,"href":"https:\/\/www.europesays.com\/fr\/wp-json\/wp\/v2\/tags?post=438636"}],"curies":[{"name":"wp","href":"https:\/\/api.w.org\/{rel}","templated":true}]}}