{"id":438658,"date":"2025-10-04T13:00:13","date_gmt":"2025-10-04T13:00:13","guid":{"rendered":"https:\/\/www.europesays.com\/fr\/438658\/"},"modified":"2025-10-04T13:00:13","modified_gmt":"2025-10-04T13:00:13","slug":"le-ministre-de-leconomie-demissionnaire-croit-a-des-compromis-possibles-avec-la-gauche-sur-le-budget","status":"publish","type":"post","link":"https:\/\/www.europesays.com\/fr\/438658\/","title":{"rendered":"le ministre de l&rsquo;Economie d\u00e9missionnaire croit \u00e0 des \u00ab\u00a0compromis possibles\u00a0\u00bb avec la gauche sur le budget"},"content":{"rendered":"<p>Alors que le gouvernement de S\u00e9bastien Lecornu se fait attendre, le ministre d\u00e9missionnaire de l&rsquo;Economie a estim\u00e9, samedi 4 octobre, qu&rsquo;il existe\u00a0\u00ab\u00a0des pistes de compromis possibles avec plusieurs forces de gauche\u00a0\u00bb sur le budget. \u00ab\u00a0A commencer par le Parti socialiste\u00a0\u00bb, a assur\u00e9 Eric Lombard, dans un post <a href=\"https:\/\/x.com\/Eric_R_Lombard\/status\/1974391539251220713\" target=\"_blank\" rel=\"noopener nofollow\">sur X<\/a>. Selon le ministre d\u00e9missionnaire, qui a salu\u00e9<a href=\"https:\/\/www.franceinfo.fr\/politique\/gouvernement-de-sebastien-lecornu\/ils-ne-peuvent-pas-faire-comme-si-cette-annonce-ne-changeait-rien-pourquoi-sebastien-lecornu-renonce-au-49-3-pour-l-examen-du-budget-2026_7529398.html\" rel=\"nofollow noopener\" target=\"_blank\"> le choix de S\u00e9bastien Lecornu de renoncer \u00e0 l&rsquo;utilisation du 49.3<\/a>, le Premier ministre et les socialistes pourraient travailler ensemble autour de \u00ab\u00a0th\u00e8mes bien identifi\u00e9s\u00a0\u00bb. Suivez notre direct.<\/p>\n<p class=\"c-body__bullet\"> <strong>Les oppositions peu convaincues.<\/strong> Re\u00e7us une nouvelle fois vendredi matin \u00e0 Matignon, les dirigeants du PS ont estim\u00e9 que la \u00ab\u00a0copie\u00a0\u00bb du Premier ministre sur le budget restait \u00ab\u00a0tr\u00e8s insuffisante et \u00e0 bien des \u00e9gards alarmante\u00a0\u00bb. Tout cela est \u00ab\u00a0tr\u00e8s flou, tr\u00e8s d\u00e9cevant\u00a0\u00bb, a comment\u00e9 la patronne des Ecologistes, Marine Tondelier. Re\u00e7ue quelques heures plus t\u00f4t, Marine Le Pen, cheffe de file des d\u00e9put\u00e9s RN, a jug\u00e9 que renoncer au 49.3 \u00e9tait \u00ab\u00a0plus respectueux de la d\u00e9mocratie\u00a0\u00bb, mais n&rsquo;a pas non plus tranch\u00e9 sur une \u00e9ventuelle censure du gouvernement.<\/p>\n<p class=\"c-body__bullet\"> <strong>La France insoumise compte toujours d\u00e9poser une motion de censure.<\/strong> \u00ab\u00a0On ne te croit pas, tu n&rsquo;as pas l&rsquo;intention de gouverner sans nous forcer, le moment venu\u00a0\u00bb, a lanc\u00e9 le leader insoumis Jean-Luc M\u00e9lenchon \u00e0 l&rsquo;adresse de S\u00e9bastien Lecornu vendredi lors d&rsquo;une conf\u00e9rence de presse.<\/p>\n<p class=\"c-body__bullet\"> <strong>Les R\u00e9publicains d\u00e9cideront samedi soir de leur participation au gouvernement.<\/strong>\u00a0\u00ab\u00a0Si le Premier ministre c\u00e8de \u00e0 la gauche\u00a0\u00bb et \u00e0 ses propositions, \u00ab\u00a0ce sera \u00e9videmment sans nous\u00a0\u00bb, a affirm\u00e9 sur franceinfo Agn\u00e8s Evren, s\u00e9natrice de Paris et porte-parole du parti Les R\u00e9publicains. Selon elle, S\u00e9bastien Lecornu ne r\u00e9pond pas, pour l&rsquo;heure, aux attentes du parti LR\u00a0: \u00ab\u00a0Le compte n&rsquo;y est pas.\u00a0\u00bb<\/p>\n","protected":false},"excerpt":{"rendered":"Alors que le gouvernement de S\u00e9bastien Lecornu se fait attendre, le ministre d\u00e9missionnaire de l&rsquo;Economie a estim\u00e9, samedi&hellip;\n","protected":false},"author":2,"featured_media":438659,"comment_status":"","ping_status":"","sticky":false,"template":"","format":"standard","meta":{"footnotes":""},"categories":[1888],"tags":[1111,1928,11,1927,1777,674,1011,27,12,1926,626,1925,25],"class_list":{"0":"post-438658","1":"post","2":"type-post","3":"status-publish","4":"format-standard","5":"has-post-thumbnail","7":"category-paris","8":"tag-actu","9":"tag-actu-paris","10":"tag-actualites","11":"tag-actualites-paris","12":"tag-eu","13":"tag-europe","14":"tag-fr","15":"tag-france","16":"tag-news","17":"tag-news-paris","18":"tag-paris","19":"tag-paris-news","20":"tag-republique-francaise"},"share_on_mastodon":{"url":"https:\/\/pubeurope.com\/@fr\/115316026626522561","error":""},"_links":{"self":[{"href":"https:\/\/www.europesays.com\/fr\/wp-json\/wp\/v2\/posts\/438658","targetHints":{"allow":["GET"]}}],"collection":[{"href":"https:\/\/www.europesays.com\/fr\/wp-json\/wp\/v2\/posts"}],"about":[{"href":"https:\/\/www.europesays.com\/fr\/wp-json\/wp\/v2\/types\/post"}],"author":[{"embeddable":true,"href":"https:\/\/www.europesays.com\/fr\/wp-json\/wp\/v2\/users\/2"}],"replies":[{"embeddable":true,"href":"https:\/\/www.europesays.com\/fr\/wp-json\/wp\/v2\/comments?post=438658"}],"version-history":[{"count":0,"href":"https:\/\/www.europesays.com\/fr\/wp-json\/wp\/v2\/posts\/438658\/revisions"}],"wp:featuredmedia":[{"embeddable":true,"href":"https:\/\/www.europesays.com\/fr\/wp-json\/wp\/v2\/media\/438659"}],"wp:attachment":[{"href":"https:\/\/www.europesays.com\/fr\/wp-json\/wp\/v2\/media?parent=438658"}],"wp:term":[{"taxonomy":"category","embeddable":true,"href":"https:\/\/www.europesays.com\/fr\/wp-json\/wp\/v2\/categories?post=438658"},{"taxonomy":"post_tag","embeddable":true,"href":"https:\/\/www.europesays.com\/fr\/wp-json\/wp\/v2\/tags?post=438658"}],"curies":[{"name":"wp","href":"https:\/\/api.w.org\/{rel}","templated":true}]}}