{"id":438660,"date":"2025-10-04T13:01:12","date_gmt":"2025-10-04T13:01:12","guid":{"rendered":"https:\/\/www.europesays.com\/fr\/438660\/"},"modified":"2025-10-04T13:01:12","modified_gmt":"2025-10-04T13:01:12","slug":"lors-de-la-fashion-week-de-paris-le-clan-beckham-reuni-au-premier-rang-du-defile-victoria-beckham-sans-brooklyn","status":"publish","type":"post","link":"https:\/\/www.europesays.com\/fr\/438660\/","title":{"rendered":"Lors de la Fashion Week de Paris, le clan Beckham r\u00e9uni au premier rang du d\u00e9fil\u00e9 Victoria Beckham, sans Brooklyn"},"content":{"rendered":"<p>Vendredi 3 octobre, Victoria Beckham pr\u00e9sentait la nouvelle collection de sa marque \u00e9ponyme durant la Fashion Week de Paris. Pour l\u2019occasion, toute sa famille \u00e9tait r\u00e9unie, seule une personne manquait \u00e0 l\u2019appel.<\/p>\n<p class=\"fig-paragraph\">Comme en mars dernier, la famille n\u2019\u00e9tait pas au complet. Ce vendredi 3 octobre,\u00a0<a href=\"https:\/\/madame.lefigaro.fr\/tag\/victoria-beckham\" target=\"_blank\" data-fig-type=\"Keyword\" rel=\"sponsored noopener\" data-gtm-custom-categorie=\"navigation\" data-gtm-custom-action=\"crossclick\" data-gtm-custom-label=\"Contextuel\" data-gtm-event=\"customEventSPE\" data-fig-domain=\"MADAME\">Victoria Beckham<\/a>\u00a0a pr\u00e9sent\u00e9 la nouvelle collection de sa marque \u00e9ponyme lors de la Fashion Week de Paris. Tout son clan a donc fait le voyage jusqu\u2019\u00e0 la capitale fran\u00e7aise pour soutenir la matriarche. Son \u00e9poux, David Beckham, ainsi que leurs enfants, Harper (14 ans), Romeo (23 ans), Cruz (20 ans) et sa petite amie,\u00a0<a href=\"http:\/\/madame.lefigaro.fr\/celebrites\/actu-people\/cruz-beckham-et-sa-petite-amie-de-10-ans-de-plus-que-lui-une-relation-qui-derange-20250318\" data-fig-type=\"Article\" data-gtm-custom-categorie=\"navigation\" data-gtm-custom-action=\"crossclick\" data-gtm-custom-label=\"Contextuel\" data-gtm-event=\"customEventSPE\" data-fig-domain=\"MADAME\" target=\"_blank\" rel=\"noopener\">Jackie Apostel<\/a>, ont \u00e9t\u00e9 aper\u00e7us en train de quitter leur h\u00f4tel pour se rendre sur le lieu du d\u00e9fil\u00e9 Victoria Beckham. L\u2019ex-Spice Girls a d\u2019ailleurs partag\u00e9 une photo des membres de sa famille assis au premier rang du show, \u00e0 c\u00f4t\u00e9 d\u2019Anna Wintour, sur son\u00a0<a href=\"https:\/\/www.instagram.com\/p\/DPXXznsiFox\/?utm_source=ig_web_copy_link&amp;igsh=MzRlODBiNWFlZA==\" target=\"_blank\" rel=\"sponsored noopener\" data-gtm-custom-categorie=\"navigation\" data-gtm-custom-action=\"crossclick\" data-gtm-custom-label=\"Contextuel\" data-gtm-event=\"customEventSPE\">compte Instagram<\/a>. \u00abJe vous aime tous tellement&#8230; Je n\u2019aurais pas pu y arriver sans vous\u00a0!\u00bb, a-t-elle \u00e9crit en l\u00e9gende du clich\u00e9. Lorsque le salut final a eu lieu, Victoria Beckham n\u2019a pas manqu\u00e9 d\u2019aller voir sa famille et d\u2019embrasser son \u00e9poux. Mais tous ses enfants n\u2019\u00e9taient pas pr\u00e9sents pour cet \u00e9v\u00e9nement. En effet, Brooklyn Beckham manquait \u00e0 l\u2019appel.<\/p>\n<p class=\"fig-body-link&#10;    \">\n            \u00c0 lire aussi<br \/>\n        <a class=\"fig-body-link__link\" href=\"http:\/\/madame.lefigaro.fr\/celebrites\/actu-people\/victoria-beckham-revele-le-secret-de-la-longevite-de-son-mariage-20250919\" data-fig-type=\"Article\" data-gtm-custom-categorie=\"navigation\" data-gtm-custom-action=\"crossclick\" data-gtm-custom-label=\"Contextuel\" data-gtm-event=\"customEventSPE\" data-fig-domain=\"MADAME\" target=\"_blank\" rel=\"noopener\">Victoria Beckham r\u00e9v\u00e8le le secret de la long\u00e9vit\u00e9 de son mariage<\/a>\n<\/p>\n<p>Dispute familiale<\/p>\n<p class=\"fig-paragraph\">L\u2019absence de l\u2019a\u00een\u00e9 de la famille est notable sur fond de tensions qui se seraient install\u00e9es entre lui, son \u00e9pouse, Nicola Peltz, et le clan Beckham. Depuis quelques mois plusieurs<a href=\"http:\/\/madame.lefigaro.fr\/celebrites\/actu-people\/mais-que-se-passe-t-il-chez-les-beckham-20250527\" data-fig-type=\"Article\" data-gtm-custom-categorie=\"navigation\" data-gtm-custom-action=\"crossclick\" data-gtm-custom-label=\"Contextuel\" data-gtm-event=\"customEventSPE\" data-fig-domain=\"MADAME\" target=\"_blank\" rel=\"noopener\">\u00a0rumeurs autour d\u2019une dispute familiale<\/a>\u00a0ont \u00e9t\u00e9 relay\u00e9es dans les m\u00e9dias. Brooklyn Beckham n\u2019\u00e9tait d\u00e9j\u00e0 pas pr\u00e9sent en mars 2025 pour assister au d\u00e9fil\u00e9 de sa m\u00e8re lors de la derni\u00e8re Fashion Week de Paris. Le grand fr\u00e8re de Romeo, Cruz et Harper, n\u2019a pas non plus pass\u00e9 ses vacances d\u2019\u00e9t\u00e9 avec sa famille, alors qu\u2019ils se trouvaient tous dans le sud de la France presque au m\u00eame moment. Samedi 2 ao\u00fbt, Brooklyn et Nicola Peltz ont renouvel\u00e9\u00a0<a href=\"http:\/\/madame.lefigaro.fr\/celebrites\/actu-people\/nicola-peltz-nue-dans-une-baignoire-cette-photo-de-l-epouse-de-brooklyn-beckham-qui-derange-20250724\" data-fig-type=\"Article\" data-gtm-custom-categorie=\"navigation\" data-gtm-custom-action=\"crossclick\" data-gtm-custom-label=\"Contextuel\" data-gtm-event=\"customEventSPE\" data-fig-domain=\"MADAME\" target=\"_blank\" rel=\"noopener\">leurs v\u0153ux de mariage lors d\u2019une c\u00e9r\u00e9monie intime<\/a>. Encore une fois, la famille du mari\u00e9 n\u2019\u00e9tait pas pr\u00e9sente pour l\u2019\u00e9v\u00e9nement. Sauf \u00e0 travers quelques\u00a0<a href=\"http:\/\/madame.lefigaro.fr\/celebrites\/actu-people\/la-vie-est-trop-courte-en-pleine-guerre-des-beckham-ce-message-de-romeo-comme-un-clin-d-oeil-a-son-frere-brooklyn-20250704\" data-fig-type=\"Article\" data-gtm-custom-categorie=\"navigation\" data-gtm-custom-action=\"crossclick\" data-gtm-custom-label=\"Contextuel\" data-gtm-event=\"customEventSPE\" data-fig-domain=\"MADAME\" target=\"_blank\" rel=\"noopener\">messages \u00e9nigmatiques publi\u00e9s sur les r\u00e9seaux sociaux<\/a>, aucun membre du clan Beckham ne s\u2019est v\u00e9ritablement exprim\u00e9 sur ces rumeurs de disputes, mais l\u2019absence de Brooklyn au d\u00e9fil\u00e9 Victoria Beckham continue de les attiser.<\/p>\n<p>                                        <script async src=\"\/\/www.instagram.com\/embed.js\"><\/script><\/p>\n","protected":false},"excerpt":{"rendered":"Vendredi 3 octobre, Victoria Beckham pr\u00e9sentait la nouvelle collection de sa marque \u00e9ponyme durant la Fashion Week de&hellip;\n","protected":false},"author":2,"featured_media":438661,"comment_status":"","ping_status":"","sticky":false,"template":"","format":"standard","meta":{"footnotes":""},"categories":[1888],"tags":[1111,1928,11,1927,45584,11193,1777,674,992,1011,27,56569,12,1926,626,1925,25,56568,6482],"class_list":{"0":"post-438660","1":"post","2":"type-post","3":"status-publish","4":"format-standard","5":"has-post-thumbnail","7":"category-paris","8":"tag-actu","9":"tag-actu-paris","10":"tag-actualites","11":"tag-actualites-paris","12":"tag-cruz-beckham","13":"tag-david-beckham","14":"tag-eu","15":"tag-europe","16":"tag-fashion-week","17":"tag-fr","18":"tag-france","19":"tag-harper-seven-beckham","20":"tag-news","21":"tag-news-paris","22":"tag-paris","23":"tag-paris-news","24":"tag-republique-francaise","25":"tag-romeo-beckham","26":"tag-victoria-beckham"},"share_on_mastodon":{"url":"https:\/\/pubeurope.com\/@fr\/115316030485591276","error":""},"_links":{"self":[{"href":"https:\/\/www.europesays.com\/fr\/wp-json\/wp\/v2\/posts\/438660","targetHints":{"allow":["GET"]}}],"collection":[{"href":"https:\/\/www.europesays.com\/fr\/wp-json\/wp\/v2\/posts"}],"about":[{"href":"https:\/\/www.europesays.com\/fr\/wp-json\/wp\/v2\/types\/post"}],"author":[{"embeddable":true,"href":"https:\/\/www.europesays.com\/fr\/wp-json\/wp\/v2\/users\/2"}],"replies":[{"embeddable":true,"href":"https:\/\/www.europesays.com\/fr\/wp-json\/wp\/v2\/comments?post=438660"}],"version-history":[{"count":0,"href":"https:\/\/www.europesays.com\/fr\/wp-json\/wp\/v2\/posts\/438660\/revisions"}],"wp:featuredmedia":[{"embeddable":true,"href":"https:\/\/www.europesays.com\/fr\/wp-json\/wp\/v2\/media\/438661"}],"wp:attachment":[{"href":"https:\/\/www.europesays.com\/fr\/wp-json\/wp\/v2\/media?parent=438660"}],"wp:term":[{"taxonomy":"category","embeddable":true,"href":"https:\/\/www.europesays.com\/fr\/wp-json\/wp\/v2\/categories?post=438660"},{"taxonomy":"post_tag","embeddable":true,"href":"https:\/\/www.europesays.com\/fr\/wp-json\/wp\/v2\/tags?post=438660"}],"curies":[{"name":"wp","href":"https:\/\/api.w.org\/{rel}","templated":true}]}}