{"id":438662,"date":"2025-10-04T13:02:10","date_gmt":"2025-10-04T13:02:10","guid":{"rendered":"https:\/\/www.europesays.com\/fr\/438662\/"},"modified":"2025-10-04T13:02:10","modified_gmt":"2025-10-04T13:02:10","slug":"air-france-relance-une-destination-a-30c-meme-en-hiver-vols-directs-depuis-paris","status":"publish","type":"post","link":"https:\/\/www.europesays.com\/fr\/438662\/","title":{"rendered":"Air France relance une destination \u00e0 30\u00b0C m\u00eame en hiver: vols directs depuis Paris"},"content":{"rendered":"<p>ParisSelect &#8211; Air France relance une destination \u00e0 30\u00b0C m\u00eame en hiver: vols directs depuis Paris<\/p>\n<p>La demande repart, et Air France adapte son programme pas \u00e0 pas. La <a href=\"https:\/\/www.parisselectbook.com\/2025\/10\/03\/compagnies-aeriennes-depuis-le-1er-octobre-un-objet-du-quotidien-devient-interdit-en-cabine-pour-renforcer-la-securite\/\" target=\"_blank\" rel=\"noopener\">compagnie a\u00e9rienne<\/a> ajuste ses fr\u00e9quences et cible des dessertes saisonni\u00e8res, sans d\u00e9voiler tous les d\u00e9tails \u00e0 ce stade.<\/p>\n<p>Ce que pr\u00e9pare Air France pour la haute saison<\/p>\n<p>Les <a href=\"https:\/\/www.parisselectbook.com\/2025\/09\/22\/paris-fashion-week-2025-le-29-septembre-qui-change-tout\/\" target=\"_blank\" rel=\"noopener\">pr\u00e9paratifs<\/a> se concentrent sur la p\u00e9riode la plus dense de l\u2019ann\u00e9e, avec un calibrage fin des vols selon la demande. D\u2019abord, les cr\u00e9neaux d\u00e9part\/arriv\u00e9e sont travaill\u00e9s \u00e0 Paris-Charles de Gaulle et \u00e0 Paris-Orly pour fluidifier les correspondances vers Punta Cana. Ensuite, la <a href=\"https:\/\/www.parisselectbook.com\/2025\/10\/03\/choisissez-un-cadre-singulier-pour-vos-evenements-avec-la-compagnie-des-bateaux-a-roue\/\" target=\"_blank\" rel=\"noopener\">compagnie<\/a> avance par \u00e9tapes, car chaque ouverture de ligne reste soumise \u00e0 autorisations. <strong>CDG et Orly<\/strong> demeurent les pivots du r\u00e9seau moyen et long-courrier.<\/p>\n<p>Le renouvellement de flotte soutient ces \u00e9volutions op\u00e9rationnelles. De plus, de nouveaux appareils long-courriers, comme les <strong>A350<\/strong>, et des monocouloirs r\u00e9cents, tels que l\u2019<strong>A220<\/strong>, apportent confort et sobri\u00e9t\u00e9. Air France vise une meilleure efficacit\u00e9 <a href=\"https:\/\/www.parisselectbook.com\/2025\/10\/03\/kylian-mbappe-nouveau-visage-de-bmw-en-2025\/\" target=\"_blank\" rel=\"noopener\">\u00e9nerg\u00e9tique<\/a> et d\u00e9ploie une connectivit\u00e9 Wi\u2011Fi plus stable \u00e0 bord des vols vers Punta Cana.<\/p>\n<p>Les voyageurs veulent des itin\u00e9raires lisibles et des rep\u00e8res clairs. Ainsi, la compagnie met l\u2019accent sur des horaires r\u00e9guliers et des options de r\u00e9acheminement en cas d\u2019al\u00e9as. Aussi, les annonces de destinations s\u2019\u00e9chelonnent pour laisser le temps de planifier.<\/p>\n<blockquote>\n<p>\u00ab Un programme ajust\u00e9, selon la demande et les saisons. \u00bb<\/p>\n<\/blockquote>\n<p>Conseils pratiques pour r\u00e9server selon votre profil<\/p>\n<p>Air France \u2014 Business Class Toiletry Bag (Trousse de toilette). Ainsi, cette trousse compacte, pens\u00e9e pour les vols long-courriers, fait le bonheur des collectionneurs et des passagers r\u00e9guliers vers Punta Cana.<\/p>\n<p>R\u00e9server t\u00f4t offre plus de choix, surtout pour les week-ends et les d\u00e9parts matinaux. De plus, comparez Orly et CDG selon votre correspondance et votre bagage. Enfin, anticipez les pics d\u2019affluence pour gagner du temps aux contr\u00f4les.<\/p>\n<ul>\n<li>V\u00e9rifiez les horaires la veille et le jour J<\/li>\n<li>Comparez les temps de correspondance entre hubs parisiens<\/li>\n<li>Pr\u00e9voyez un plan B en cas de retard<\/li>\n<li>Choisissez votre si\u00e8ge d\u00e8s que possible<\/li>\n<li>Surveillez les options de surclassement en derni\u00e8re minute<\/li>\n<\/ul>\n<p>Cabines, services et confort \u00e0 bord<\/p>\n<p>Air France \u2014 Travel Amenities Bags (x4) (Set de trousses de toilette). Aussi, un set r\u00e9uni en lot peut servir en famille, avec des tailles diff\u00e9rentes selon la dur\u00e9e du voyage.<\/p>\n<p>Air France \u2014 Travel Document Toiletry Case Makeup Bag Faux Suede Zipper Button (Trousse de toilette\/document de voyage). De plus, la pochette garde passeport et essentiels \u00e0 port\u00e9e de main, ce qui rassure pendant l\u2019embarquement.<\/p>\n<p>Air France \u2014 Business Class Zippered Cosmetic\/Toiletries Case with pictured items (Trousse de toilette classe affaires). En bref, la fermeture zipp\u00e9e limite les fuites et facilite le rangement sous le si\u00e8ge.<\/p>\n<p>R\u00e9seau et op\u00e9rations<\/p>\n<p>Air France \u2014 Vintage Leather Portfolio (Portefeuille en cuir vintage). Ainsi, ce porte-documents illustre une histoire de marques a\u00e9riennes et un style soign\u00e9 au sol comme en cabine.<\/p>\n<p>Air France \u2014 First Class Toiletry Kit (Trousse de toilette classe premi\u00e8re). De plus, le design met l\u2019accent sur des mati\u00e8res durables et une pr\u00e9sentation soign\u00e9e, pens\u00e9e pour les tr\u00e8s longs vols.<\/p>\n<p>Objets iconiques et culture de marque<\/p>\n<p>Air France \u2014 Airlines Vintage Playing Cards Luggage Tags (Jeu de cartes vintage + \u00e9tiquettes bagages). Aussi, ces objets de voyage racontent l\u2019\u00e9poque des grands itin\u00e9raires, tout en restant pratiques pour identifier une valise.<\/p>\n<p>Air France \u2014 Airline toiletry bags shaving Dop Doppler travel amenity kit travel (Trousse de toilette de rasage Dop Doppler). Par cons\u00e9quent, la trousse de rasage aide \u00e0 arriver pr\u00e9sentable, m\u00eame apr\u00e8s une nuit en cabine.<\/p>\n<p>Air France \u2014 Toiletry bag Brown (Trousse de toilette marron). Enfin, la finition sobre se glisse dans un sac cabine sans encombre et r\u00e9siste aux trajets r\u00e9p\u00e9t\u00e9s.<\/p>\n","protected":false},"excerpt":{"rendered":"ParisSelect &#8211; Air France relance une destination \u00e0 30\u00b0C m\u00eame en hiver: vols directs depuis Paris La demande&hellip;\n","protected":false},"author":2,"featured_media":438663,"comment_status":"","ping_status":"","sticky":false,"template":"","format":"standard","meta":{"footnotes":""},"categories":[1888],"tags":[11,1816,1777,674,1011,27,12,626,25],"class_list":{"0":"post-438662","1":"post","2":"type-post","3":"status-publish","4":"format-standard","5":"has-post-thumbnail","7":"category-paris","8":"tag-actualites","9":"tag-air-france","10":"tag-eu","11":"tag-europe","12":"tag-fr","13":"tag-france","14":"tag-news","15":"tag-paris","16":"tag-republique-francaise"},"share_on_mastodon":{"url":"https:\/\/pubeurope.com\/@fr\/115316034767779254","error":""},"_links":{"self":[{"href":"https:\/\/www.europesays.com\/fr\/wp-json\/wp\/v2\/posts\/438662","targetHints":{"allow":["GET"]}}],"collection":[{"href":"https:\/\/www.europesays.com\/fr\/wp-json\/wp\/v2\/posts"}],"about":[{"href":"https:\/\/www.europesays.com\/fr\/wp-json\/wp\/v2\/types\/post"}],"author":[{"embeddable":true,"href":"https:\/\/www.europesays.com\/fr\/wp-json\/wp\/v2\/users\/2"}],"replies":[{"embeddable":true,"href":"https:\/\/www.europesays.com\/fr\/wp-json\/wp\/v2\/comments?post=438662"}],"version-history":[{"count":0,"href":"https:\/\/www.europesays.com\/fr\/wp-json\/wp\/v2\/posts\/438662\/revisions"}],"wp:featuredmedia":[{"embeddable":true,"href":"https:\/\/www.europesays.com\/fr\/wp-json\/wp\/v2\/media\/438663"}],"wp:attachment":[{"href":"https:\/\/www.europesays.com\/fr\/wp-json\/wp\/v2\/media?parent=438662"}],"wp:term":[{"taxonomy":"category","embeddable":true,"href":"https:\/\/www.europesays.com\/fr\/wp-json\/wp\/v2\/categories?post=438662"},{"taxonomy":"post_tag","embeddable":true,"href":"https:\/\/www.europesays.com\/fr\/wp-json\/wp\/v2\/tags?post=438662"}],"curies":[{"name":"wp","href":"https:\/\/api.w.org\/{rel}","templated":true}]}}