{"id":438664,"date":"2025-10-04T13:03:12","date_gmt":"2025-10-04T13:03:12","guid":{"rendered":"https:\/\/www.europesays.com\/fr\/438664\/"},"modified":"2025-10-04T13:03:12","modified_gmt":"2025-10-04T13:03:12","slug":"zeus-le-cheval-mecanique-des-jo-de-paris-sinstalle-a-lhippodrome-de-parislongchamp-pour-le-prix-de-larc-de-triomphe","status":"publish","type":"post","link":"https:\/\/www.europesays.com\/fr\/438664\/","title":{"rendered":"Zeus, le cheval m\u00e9canique des JO de Paris, s\u2019installe \u00e0 l\u2019hippodrome de ParisLongchamp pour le Prix de l\u2019Arc de Triomphe"},"content":{"rendered":"<p class=\"paragraph text_align_left lp-f-body-02\">Il a marqu\u00e9 <a href=\"https:\/\/www.leparisien.fr\/jo-paris-2024\/direct-ceremonie-douverture-des-jo-de-paris-2024-suivez-le-spectacle-sur-la-seine-toute-la-soiree-26-07-2024-TPDJV7IJLRF3NKOE6WHLI35A6U.php\" target=\"_self\" rel=\"noopener\">la c\u00e9r\u00e9monie d\u2019ouverture des Jeux olympiques de Paris<\/a> l\u2019an pass\u00e9 et d\u00e9barque ce week-end sur l\u2019hippodrome de ParisLongchamp. Lui, <a href=\"https:\/\/www.leparisien.fr\/societe\/le-cheval-metallique-des-jo-de-paris-2024-va-sillonner-la-france-jusqua-cet-ete-24-02-2025-RAN4VZZWFVFNBIXYBCWN5AZXE4.php\" target=\"_self\" rel=\"noopener\">c\u2019est Zeus<\/a>, le cheval m\u00e9tallique d\u00e9sormais connu du monde entier. Lors de la c\u00e9r\u00e9monie d\u2019ouverture, le cheval m\u00e9canique d\u20191,80 m, r\u00e9alis\u00e9 par <a href=\"https:\/\/www.leparisien.fr\/jo-paris-2024\/jo-de-paris-2024-trimaran-de-14-m-moteur-surpuissant-les-dessous-de-lincroyable-galop-sur-la-seine-27-07-2024-FHZ2VKNN4ZD3HJB5GI23SRFVPA.php\" target=\"_self\" rel=\"noopener\">l\u2019atelier Blam<\/a> bas\u00e9 \u00e0 Nantes (Loire-Atlantique) a incarn\u00e9 l\u2019esprit olympique fran\u00e7ais : force, \u00e9l\u00e9gance et innovation.<\/p>\n<blockquote class=\"twitter-tweet\">\n<p lang=\"fr\" dir=\"ltr\">Zeus, le cheval m\u00e9canique de Paris 2024, est en tourn\u00e9e en France ! \ud83e\udd29<\/p>\n<p>Jusqu\u2019au 2 avril dans la cour de l\u2019H\u00f4tel de Ville de <a href=\"https:\/\/twitter.com\/villedelyon?ref_src=twsrc%5Etfw\" target=\"_blank\" rel=\"noopener\">@villedelyon<\/a> puis :<\/p>\n<p>\ud83c\uddeb\ud83c\uddf7 Marseille : 16 au 26 avril<br \/>\ud83c\uddeb\ud83c\uddf7 Bordeaux  : 3 au 9 mai<br \/>\ud83c\uddeb\ud83c\uddf7 Rouen : 12 au 23 mai<br \/>\ud83c\udde9\ud83c\uddea Francfort : 17 au 27 juin<br \/>\ud83c\uddeb\ud83c\uddf7 Mont-Saint-Michel : 12\u2026 <a href=\"https:\/\/t.co\/Kik4vx1VjY\">pic.twitter.com\/Kik4vx1VjY<\/a><\/p>\n<p>\u2014 Jeux Olympiques (@jeuxolympiques) <a href=\"https:\/\/twitter.com\/jeuxolympiques\/status\/1905176509138034907?ref_src=twsrc%5Etfw\" target=\"_blank\" rel=\"noopener\">March 27, 2025<\/a><\/p><\/blockquote>\n<p class=\"paragraph text_align_left lp-f-body-02\"><a href=\"https:\/\/www.leparisien.fr\/paris-75\/paris-le-cheval-metallique-de-la-ceremonie-douverture-des-jo-sinvite-a-lhotel-de-ville-une-billetterie-en-ligne-26-08-2024-KIBUQWXEQ5DYVCGGT6BKODTFQM.php\" target=\"_self\" rel=\"noopener\">Son apparition sur la Seine<\/a> est devenue l\u2019une des images les plus m\u00e9morables de l\u2019historique \u00e9t\u00e9 2024. Sa conception permet une mobilit\u00e9 remarquable, facilitant ainsi sa tourn\u00e9e \u00e0 travers la France puisqu\u2019il a d\u00e9j\u00e0 fait halte \u00e0 Montpellier, Lyon, Marseille, Bordeaux, Rouen et m\u00eame Le Mont-Saint-Michel.<\/p>\n<p>Zeus fait face \u00e0 gladiateur<\/p>\n<p class=\"paragraph text_align_left lp-f-body-02\">L\u2019installation de Zeus face \u00e0 la statue de Gladiateur (notamment vainqueur du Grand Prix de Paris en 1865) cr\u00e9e un face-\u00e0-face saisissant entre deux \u00e9poques. D\u2019un c\u00f4t\u00e9, Gladiateur, symbole de l\u2019\u00e2ge d\u2019or des courses hippiques fran\u00e7aises et coqueluche des turfistes fran\u00e7ais en son temps et surnomm\u00e9 \u00ab le vengeur de Waterloo \u00bb pour avoir gagn\u00e9 des \u00e9preuves mythiques outre-Manche.<\/p>\n<p class=\"paragraph text_align_left lp-f-body-02\">De l\u2019autre, Zeus, repr\u00e9sentant l\u2019art contemporain et l\u2019innovation du XXIe si\u00e8cle. Cette confrontation symbolique illustre parfaitement la capacit\u00e9 du sport hippique \u00e0 conjuguer tradition et modernit\u00e9. \u00ab Ce rendez-vous unique fera revivre l\u2019\u00e9motion des Jeux olympiques Paris 2024 au c\u0153ur du plus grand \u00e9v\u00e9nement hippique de l\u2019ann\u00e9e \u00bb, se f\u00e9licite France Galop, soci\u00e9t\u00e9 organisatrice des courses sur l\u2019hippodrome parisien.<\/p>\n<p class=\"paragraph text_align_left lp-f-body-02\">Les 4 et 5 octobre, l\u2019hippodrome de ParisLongchamp vivra un moment unique. Zeus transformera l\u2019entr\u00e9e du site en v\u00e9ritable galerie d\u2019art \u00e0 ciel ouvert, offrant aux visiteurs du <a href=\"https:\/\/www.leparisien.fr\/sports\/hippisme\/presque-10-millions-deuros-de-gains-tout-savoir-sur-le-business-des-courses-avant-le-prix-de-larc-de-triomphe-05-10-2024-UXOFDKGPYJDBZD5QU5K722XIWQ.php\" target=\"_self\" rel=\"noopener\">Qatar Prix de l\u2019Arc de Triomphe<\/a> une exp\u00e9rience esth\u00e9tique in\u00e9dite. Cette pr\u00e9sence artistique magnifiera encore davantage l\u2019un des rendez-vous hippiques les plus prestigieux au monde. Cette escale illustre parfaitement la strat\u00e9gie fran\u00e7aise de p\u00e9rennisation de l\u2019h\u00e9ritage olympique.<\/p>\n<p><script async src=\"https:\/\/platform.twitter.com\/widgets.js\" charset=\"utf-8\"><\/script><\/p>\n","protected":false},"excerpt":{"rendered":"Il a marqu\u00e9 la c\u00e9r\u00e9monie d\u2019ouverture des Jeux olympiques de Paris l\u2019an pass\u00e9 et d\u00e9barque ce week-end sur&hellip;\n","protected":false},"author":2,"featured_media":438665,"comment_status":"","ping_status":"","sticky":false,"template":"","format":"standard","meta":{"footnotes":""},"categories":[1888],"tags":[11,1777,674,1011,27,11462,12,626,5856,25,60],"class_list":{"0":"post-438664","1":"post","2":"type-post","3":"status-publish","4":"format-standard","5":"has-post-thumbnail","7":"category-paris","8":"tag-actualites","9":"tag-eu","10":"tag-europe","11":"tag-fr","12":"tag-france","13":"tag-hippisme","14":"tag-news","15":"tag-paris","16":"tag-paris-2024","17":"tag-republique-francaise","18":"tag-sports"},"share_on_mastodon":{"url":"https:\/\/pubeurope.com\/@fr\/115316038334376847","error":""},"_links":{"self":[{"href":"https:\/\/www.europesays.com\/fr\/wp-json\/wp\/v2\/posts\/438664","targetHints":{"allow":["GET"]}}],"collection":[{"href":"https:\/\/www.europesays.com\/fr\/wp-json\/wp\/v2\/posts"}],"about":[{"href":"https:\/\/www.europesays.com\/fr\/wp-json\/wp\/v2\/types\/post"}],"author":[{"embeddable":true,"href":"https:\/\/www.europesays.com\/fr\/wp-json\/wp\/v2\/users\/2"}],"replies":[{"embeddable":true,"href":"https:\/\/www.europesays.com\/fr\/wp-json\/wp\/v2\/comments?post=438664"}],"version-history":[{"count":0,"href":"https:\/\/www.europesays.com\/fr\/wp-json\/wp\/v2\/posts\/438664\/revisions"}],"wp:featuredmedia":[{"embeddable":true,"href":"https:\/\/www.europesays.com\/fr\/wp-json\/wp\/v2\/media\/438665"}],"wp:attachment":[{"href":"https:\/\/www.europesays.com\/fr\/wp-json\/wp\/v2\/media?parent=438664"}],"wp:term":[{"taxonomy":"category","embeddable":true,"href":"https:\/\/www.europesays.com\/fr\/wp-json\/wp\/v2\/categories?post=438664"},{"taxonomy":"post_tag","embeddable":true,"href":"https:\/\/www.europesays.com\/fr\/wp-json\/wp\/v2\/tags?post=438664"}],"curies":[{"name":"wp","href":"https:\/\/api.w.org\/{rel}","templated":true}]}}