{"id":438684,"date":"2025-10-04T13:13:18","date_gmt":"2025-10-04T13:13:18","guid":{"rendered":"https:\/\/www.europesays.com\/fr\/438684\/"},"modified":"2025-10-04T13:13:18","modified_gmt":"2025-10-04T13:13:18","slug":"apres-la-tempete-amy-un-nouveau-gros-coup-de-vent-frappe-la-france-ce-dimanche","status":"publish","type":"post","link":"https:\/\/www.europesays.com\/fr\/438684\/","title":{"rendered":"apr\u00e8s la temp\u00eate Amy, un nouveau gros coup de vent frappe la France ce dimanche"},"content":{"rendered":"<p>            Par<br \/>\n        <strong><br \/>\n            <a href=\"https:\/\/actu.fr\/auteur\/timotheelangevin\" title=\"Consulter tous les articles de Timoth\u00e9e L&#039;Angevin\" rel=\"nofollow noopener\" target=\"_blank\">Timoth\u00e9e L&rsquo;Angevin<\/a><br \/>\n        <\/strong><\/p>\n<p>        Publi\u00e9 le<\/p>\n<p>            4 oct. 2025 \u00e0 15h02        <\/p>\n<p>Des rafales \u00e0 pr\u00e8s de 120 km\/h sur les c\u00f4tes de la Manche. Ce samedi 4 octobre 2025,<a href=\"https:\/\/actu.fr\/meteo\/tempete-amy-meteo-france-vent-violent-vigilance-orange-dizaines-departements-voici-ou-ca-va-souffler_63249671.html\" rel=\"nofollow noopener\" target=\"_blank\"> la temp\u00eate Amy<\/a> balaye la moiti\u00e9 nord du pays. <strong>Six d\u00e9partements <\/strong>ont d\u2019ailleurs \u00e9t\u00e9 <a href=\"https:\/\/actu.fr\/meteo\/tempete-amy-six-departements-places-en-vigilance-orange-pour-vents-violents-plus-de-50-en-jaune_63255259.html\" rel=\"nofollow noopener\" target=\"_blank\">plac\u00e9s en vigilance orange<\/a> par M\u00e9t\u00e9o France, qui craint <a href=\"https:\/\/actu.fr\/meteo\/rafales-a-110-km-h-dans-le-sillage-de-l-ouragan-humberto-un-bon-coup-de-vent-balaye-la-france-cette-semaine_63233326.html\" rel=\"nofollow noopener\" target=\"_blank\">des valeurs sup\u00e9rieures \u00e0 120, voire 130 km\/h.\u00a0<\/a><\/p>\n<p class=\" wall-content\">Mais cette d\u00e9pression extr\u00eamement creuse sur les \u00celes Britanniques \u2013 <strong>qui a caus\u00e9 la mort d\u2019une personne en Irlande<\/strong> t-, va provoquer<strong> un autre coup de vent <\/strong>bien plus au sud de l\u2019Hexagone dans la nuit de samedi \u00e0 dimanche. D\u2019apr\u00e8s <a href=\"https:\/\/actu.fr\/tag\/meteo-france\" rel=\"nofollow noopener\" target=\"_blank\">l\u2019organisme m\u00e9t\u00e9orologique<\/a>, de grosses rafales sont attendues sur le littoral <a href=\"https:\/\/actu.fr\/tag\/mediterranee\" rel=\"nofollow noopener\" target=\"_blank\">m\u00e9diterran\u00e9en<\/a> et en Corse.\u00a0<\/p>\n<p>\u00ab\u00a0Un bon coup de libeccio\u00a0\u00bb<\/p>\n<p class=\" wall-content\">L\u2019arriv\u00e9e de l\u2019air froid depuis le nord-ouest \u00ab\u00a0engendre <strong>un \u00e9pisode rapide de tramontane et mistral<\/strong>\u00ab\u00a0, explique \u00e0 actu.fr Yann Amice, m\u00e9t\u00e9orologue et fondateur de <a href=\"https:\/\/www.weathernco.com\/\" rel=\"nofollow noopener\" target=\"_blank\">WeatherNCo<\/a>.<\/p>\n<p class=\" wall-content\">Ce flux est <strong>bloqu\u00e9<\/strong> par les <a href=\"https:\/\/actu.fr\/tag\/alpes\" rel=\"nofollow noopener\" target=\"_blank\">Alpes<\/a> et les <a href=\"https:\/\/actu.fr\/tag\/pyrenees\" rel=\"nofollow noopener\" target=\"_blank\">Pyr\u00e9n\u00e9es<\/a>, \u00ab\u00a0ce qui favorise la formation d\u2019une petite d\u00e9pression relative et dynamique dans le golfe de G\u00eanes, en <a href=\"https:\/\/actu.fr\/tag\/italie\" rel=\"nofollow noopener\" target=\"_blank\">Italie<\/a>\u00ab\u00a0.<\/p>\n<blockquote class=\"ac-article-quote wall-content\">\n<p>Cela va d\u00e9clencher en Corse un bon coup de libeccio [vent humide et souvent accompagn\u00e9 de pluies, fort et turbulent, parfois temp\u00e9tueux, qui souffle de la mer vers la terre, NDLR].<\/p>\n<p>    <strong>Yann Amice<\/strong><br \/>\n        M\u00e9t\u00e9orologue    <\/p><\/blockquote>\n<p>Jusqu\u2019\u00e0 150 km\/h sur le Cap Corse<\/p>\n<p class=\" wall-content\">Les mod\u00e8les sont encore un peu partag\u00e9s sur l\u2019intensit\u00e9 des rafales qui pourraient souffler en M\u00e9diterran\u00e9e. On attend cependant d\u00e9j\u00e0 100 km\/h vers Bastia, 110-130 km\/h en Balagne, <strong>150 km\/h sur le cap Corse<\/strong>.<\/p>\n<p>Votre r\u00e9gion, votre actu !<\/p>\n<p>Recevez chaque jour les infos qui comptent pour vous.<\/p>\n<p>\t<a href=\"https:\/\/actu.fr\/newsletter\" class=\"ac-btn ac-btn--corner ac-btn--medium ac-btn--blue800\" rel=\"nofollow noopener\" target=\"_blank\">S&rsquo;incrire<\/a><\/p>\n<p class=\" wall-content\">D\u2019apr\u00e8s les mod\u00e8les <a href=\"https:\/\/actu.fr\/meteo\" rel=\"nofollow noopener\" target=\"_blank\">m\u00e9t\u00e9o<\/a>, la <a href=\"https:\/\/actu.fr\/tag\/provence\" rel=\"nofollow noopener\" target=\"_blank\">Provence<\/a> ne sera \u00e9galement pas \u00e9pargn\u00e9e, avec des pointes \u00e0 100 \u00e0 110 km\/h entre les <a href=\"https:\/\/actu.fr\/provence-alpes-cote-d-azur\/alpes-maritimes_06\" rel=\"nofollow noopener\" target=\"_blank\">Alpes-Maritimes<\/a> et le <a href=\"https:\/\/actu.fr\/provence-alpes-cote-d-azur\/var_83\" rel=\"nofollow noopener\" target=\"_blank\">Var<\/a> dans la nuit.<\/p>\n<p class=\" wall-content\">Les rafales de vent attendues entre samedi et dimanche en France selon le mod\u00e8le allemand Icon (carte issue de <a href=\"http:\/\/meteociel.fr\" rel=\"nofollow noopener\" target=\"_blank\">M\u00e9t\u00e9ociel<\/a>) :\u00a0<\/p>\n<p class=\" wall-content\"><img decoding=\"async\" src=\"https:\/\/www.europesays.com\/fr\/wp-content\/uploads\/2025\/10\/animlqw6.gif\" loading=\"lazy\"\/><\/p>\n<p class=\" wall-content\">Ensuite, cette d\u00e9pression s\u2019\u00e9vacuera rapidement vers l\u2019Adriatique \u00ab\u00a0et provoque des pr\u00e9cipitations du c\u00f4t\u00e9 de Zagreb en Croatie\u00a0\u00bb, poursuit Yann Amice, qui pr\u00e9vient que \u00ab\u00a0\u00e7a va bien souffler\u00a0\u00bb.<\/p>\n<p>Quatre d\u00e9partements en vigilance jaune dimanche<\/p>\n<p class=\" wall-content\">Pour le moment, \u00e0 la date de samedi 15h, M\u00e9t\u00e9o France a plac\u00e9 <strong>quatre d\u00e9partements<\/strong> en vigilance jaune pour vent violent, pour la journ\u00e9e de dimanche 5 octobre 2025 :\u00a0<\/p>\n<ul class=\" wall-content\">\n<li>Haute-Corse<\/li>\n<li>Corse-du-Sud<\/li>\n<li>Var<\/li>\n<li>Alpes-Maritimes<\/li>\n<\/ul>\n<p class=\" wall-content\">Il est possible que cette vigilance \u00e9volue au cours de la journ\u00e9e.<\/p>\n<p>Retour du calme dimanche<\/p>\n<p class=\" wall-content\">Ailleurs, dimanche, le temps redevient plus calme. \u00ab\u00a0Des <a href=\"https:\/\/actu.fr\/tag\/pluie\" rel=\"nofollow noopener\" target=\"_blank\">pr\u00e9cipitations<\/a> peuvent se bloquer sur le relief des Pyr\u00e9n\u00e9es, et <strong>quelques averses<\/strong> restent possibles localement le long de la Manche, ou encore du Grand-Est au nord des Alpes\u00a0\u00bb, souligne M\u00e9t\u00e9o France.<\/p>\n<p class=\" wall-content\">Quelques flocons pourront appara\u00eetre, \u00ab\u00a0avec une limite pluie-<a href=\"https:\/\/actu.fr\/tag\/neige\" rel=\"nofollow noopener\" target=\"_blank\">neige<\/a> autour de 1500 m\u00e8tres\u00a0\u00bb.<\/p>\n<p class=\" wall-content\">Personnalisez votre actualit\u00e9 en ajoutant vos villes et m\u00e9dias en favori avec <a href=\"https:\/\/moncompte.actu.fr\" title=\"D\u00e9couvez Mon Actu\" rel=\"nofollow noopener\" data-trk=\"{&quot;cta&quot;:{&quot;action&quot;:&quot;https:\\\/\\\/moncompte.actu.fr&quot;,&quot;category&quot;:&quot;mon compte&quot;,&quot;from&quot;:&quot;article footer&quot;,&quot;name&quot;:&quot;Mon actu&quot;,&quot;type&quot;:&quot;cta&quot;}}\" target=\"_blank\">Mon Actu<\/a>.<\/p>\n","protected":false},"excerpt":{"rendered":"Par Timoth\u00e9e L&rsquo;Angevin Publi\u00e9 le 4 oct. 2025 \u00e0 15h02 Des rafales \u00e0 pr\u00e8s de 120 km\/h sur&hellip;\n","protected":false},"author":2,"featured_media":438685,"comment_status":"","ping_status":"","sticky":false,"template":"","format":"standard","meta":{"footnotes":""},"categories":[4],"tags":[11,1011,27,2487,2357,10509,12,46266,25],"class_list":{"0":"post-438684","1":"post","2":"type-post","3":"status-publish","4":"format-standard","5":"has-post-thumbnail","7":"category-france","8":"tag-actualites","9":"tag-fr","10":"tag-france","11":"tag-meteo","12":"tag-meteo-france","13":"tag-mistral-vent","14":"tag-news","15":"tag-ouragan","16":"tag-republique-francaise"},"share_on_mastodon":{"url":"https:\/\/pubeurope.com\/@fr\/115316078220912577","error":""},"_links":{"self":[{"href":"https:\/\/www.europesays.com\/fr\/wp-json\/wp\/v2\/posts\/438684","targetHints":{"allow":["GET"]}}],"collection":[{"href":"https:\/\/www.europesays.com\/fr\/wp-json\/wp\/v2\/posts"}],"about":[{"href":"https:\/\/www.europesays.com\/fr\/wp-json\/wp\/v2\/types\/post"}],"author":[{"embeddable":true,"href":"https:\/\/www.europesays.com\/fr\/wp-json\/wp\/v2\/users\/2"}],"replies":[{"embeddable":true,"href":"https:\/\/www.europesays.com\/fr\/wp-json\/wp\/v2\/comments?post=438684"}],"version-history":[{"count":0,"href":"https:\/\/www.europesays.com\/fr\/wp-json\/wp\/v2\/posts\/438684\/revisions"}],"wp:featuredmedia":[{"embeddable":true,"href":"https:\/\/www.europesays.com\/fr\/wp-json\/wp\/v2\/media\/438685"}],"wp:attachment":[{"href":"https:\/\/www.europesays.com\/fr\/wp-json\/wp\/v2\/media?parent=438684"}],"wp:term":[{"taxonomy":"category","embeddable":true,"href":"https:\/\/www.europesays.com\/fr\/wp-json\/wp\/v2\/categories?post=438684"},{"taxonomy":"post_tag","embeddable":true,"href":"https:\/\/www.europesays.com\/fr\/wp-json\/wp\/v2\/tags?post=438684"}],"curies":[{"name":"wp","href":"https:\/\/api.w.org\/{rel}","templated":true}]}}