{"id":438690,"date":"2025-10-04T13:19:12","date_gmt":"2025-10-04T13:19:12","guid":{"rendered":"https:\/\/www.europesays.com\/fr\/438690\/"},"modified":"2025-10-04T13:19:12","modified_gmt":"2025-10-04T13:19:12","slug":"motogp-quand-davide-tardozzi-nomme-les-menaces-2026-de-ducati-et-oublie-yamaha","status":"publish","type":"post","link":"https:\/\/www.europesays.com\/fr\/438690\/","title":{"rendered":"MotoGP : quand Davide Tardozzi nomme les menaces 2026 de Ducati&#8230; et oublie Yamaha"},"content":{"rendered":"<p><strong>Ducati continue de r\u00e9gner sans partage sur le MotoGP :<br \/>\nsixi\u00e8me titre constructeurs cons\u00e9cutif d\u00e9croch\u00e9 \u00e0 Barcelone, 91 %<br \/>\ndes courses remport\u00e9es cette saison\u2026 et pourtant, \u00e0 Borgo Panigale,<br \/>\non ne veut surtout pas s\u2019endormir. Davide Tardozzi, figure<br \/>\nhistorique du box rouge, a r\u00e9cemment dress\u00e9 la liste des vrais<br \/>\nrivaux pour 2026. Et la sentence est brutale : Yamaha n\u2019en fait<br \/>\nm\u00eame plus partie.<\/strong><\/p>\n<p>Avant le Grand Prix d\u2019Indon\u00e9sie, <strong>Tardozzi<\/strong> a \u00e9t\u00e9<br \/>\ninterrog\u00e9 par <a href=\"https:\/\/www.marca.com\/motor\/motogp\/gp-japon\/2025\/10\/01\/carrera-marc-marquez-terminado-ganar-mundiales.html\" rel=\"nofollow noopener\" target=\"_blank\"><br \/>\nMarca<\/a> sur la capacit\u00e9 de <strong>Ducati<\/strong> \u00e0 continuer<br \/>\nson h\u00e9g\u00e9monie. Sa r\u00e9ponse ? Un m\u00e9lange de respect calcul\u00e9\u2026 et d\u2019un<br \/>\ntacle \u00e0 peine voil\u00e9 :<\/p>\n<p>\u00ab Nos concurrents sont tr\u00e8s forts ; ils ont beaucoup<br \/>\nprogress\u00e9. <strong>Honda<\/strong> a beaucoup progress\u00e9 ;<br \/>\nl\u2019<strong>Aprilia<\/strong> est tr\u00e8s rapide. Les<br \/>\n<strong>KTM<\/strong>, pas toujours, mais ils font de belles<br \/>\ncourses. Il faut respecter ses rivaux et travailler dur, car ils<br \/>\nl\u2019ont fait, et \u00e7a se voit. \u00bb<\/p>\n<p>Nulle part le nom de <strong>Yamaha<\/strong>. Pas un mot sur<br \/>\nl\u2019\u00e9quipe de la marque d\u2019Iwata. Comme si l\u2019ancien g\u00e9ant des Grands<br \/>\nPrix avait disparu du radar.<\/p>\n<p>Il faut dire que la M1 vit une saison cauchemardesque : un seul<br \/>\npodium, un moteur quatre cylindres en ligne d\u00e9pass\u00e9 face aux V4, et<br \/>\nun <a href=\"https:\/\/www.paddock-gp.com\/motogp-fabio-quartararo-mon-objectif-principal-est-de-travailler-sur-moi-meme-et-de-progresser\/\" rel=\"nofollow noopener\" target=\"_blank\"><br \/>\n<strong>Fabio Quartararo<\/strong><\/a> r\u00e9duit \u00e0 des coups d\u2019\u00e9clat<br \/>\nisol\u00e9s en qualifications, incapable de concr\u00e9tiser le dimanche.<\/p>\n<p>Le Fran\u00e7ais a bien sign\u00e9 quatre poles \u2013 deuxi\u00e8me meilleur total<br \/>\nderri\u00e8re <a href=\"https:\/\/www.paddock-gp.com\/motogp-valentino-rossi-oublie-marc-marquez-dans-la-liste-de-ses-grands-rivaux-la-reponse-glaciale-du-champion-ducati\/\" rel=\"nofollow noopener\" target=\"_blank\"><br \/>\n<strong>Marc Marquez<\/strong><\/a> \u2013, mais se retrouve<br \/>\nsyst\u00e9matiquement aval\u00e9 une fois les feux \u00e9teints.<\/p>\n<p>En coulisses, <strong>Yamaha<\/strong> s\u2019agite : le d\u00e9veloppement<br \/>\nexpress d\u2019un <strong>moteur V4<\/strong> a \u00e9t\u00e9 lanc\u00e9 sous la<br \/>\npression de <strong>Quartararo<\/strong>, exasp\u00e9r\u00e9 par<br \/>\nl\u2019inefficacit\u00e9 de la M1. Mais tout indique que l\u2019initiative arrive<br \/>\ntrop tard. Non seulement la saison actuelle est d\u00e9j\u00e0 sacrifi\u00e9e,<br \/>\nmais la r\u00e9volution moteur pourrait \u00eatre un coup d\u2019\u00e9p\u00e9e dans l\u2019eau :<br \/>\nles r\u00e8gles 2027 r\u00e9duiront la cylindr\u00e9e \u00e0 850 cc et imposeront des<br \/>\ncarburants 100 % durables, obligeant tous les constructeurs \u00e0<br \/>\nrepartir de z\u00e9ro.<\/p>\n<p>Bref, <strong>Yamaha<\/strong> risque de livrer une V4 aboutie\u2026<br \/>\njuste avant que le r\u00e8glement ne change compl\u00e8tement. Un timing<br \/>\nd\u00e9sastreux.<\/p>\n<p><img loading=\"lazy\" decoding=\"async\" class=\"aligncenter size-full wp-image-1335038\" src=\"https:\/\/www.europesays.com\/fr\/wp-content\/uploads\/2025\/10\/Yamaha-Fabio-.jpg\" alt=\"Yamaha\" width=\"615\" height=\"671\"  \/><\/p>\n<p><strong>Un camouflet public pour<br \/>\nYamaha qui n\u2019inspire m\u00eame plus la crainte<\/strong><\/p>\n<p>Le fait que <strong>Tardozzi<\/strong> cite<br \/>\n<strong>Honda<\/strong> comme rival direct \u2013 apr\u00e8s deux saisons<br \/>\nd\u2019errance totale \u2013 mais pas <strong>Yamaha<\/strong>, est<br \/>\nr\u00e9v\u00e9lateur.<\/p>\n<p><a href=\"https:\/\/www.paddock-gp.com\/motogp-dalligna-savoure-le-present-avec-marc-marquez-mais-refuse-de-se-projeter-ducati-sous-la-menace-dun-retour-de-son-champion-chez-honda\/\" rel=\"nofollow noopener\" target=\"_blank\"><br \/>\n<strong>Honda<\/strong><\/a>, avec <strong>Romano Albesiano<\/strong><br \/>\net <strong>Aleix Espargar\u00f3<\/strong> au d\u00e9veloppement, montre enfin<br \/>\ndes signes de progr\u00e8s. <strong>Aprilia<\/strong> s\u2019affirme comme<br \/>\nl\u2019outsider n\u00b01. <strong>KTM<\/strong> reste impr\u00e9visible mais<br \/>\ncapable de coups d\u2019\u00e9clat.<\/p>\n<p>C\u2019est un camouflet qui r\u00e9sume l\u2019\u00e9tat actuel de la marque aux<br \/>\ntrois diapasons : invisible au championnat, incapable d\u2019inqui\u00e9ter<br \/>\n<strong>Ducati<\/strong>, \u00e0 la tra\u00eene sur la technologie et coinc\u00e9e<br \/>\nentre deux \u00e9poques r\u00e9glementaires.<\/p>\n<p><strong>Fabio Quartararo<\/strong> porte le projet \u00e0 bout de<br \/>\nbras. Ses chronos en qualif prouvent qu\u2019il reste un des plus grands<br \/>\ntalents du plateau, mais il se bat avec une machine qui refuse de<br \/>\nsuivre le rythme des <strong>Ducati, Aprilia<\/strong> ou m\u00eame<br \/>\n<strong>Honda<\/strong>.<\/p>\n<p>Le champion 2021 avait mis la pression sur<br \/>\n<strong>Yamaha<\/strong> pour provoquer ce virage technique, mais<br \/>\nrisque de payer le prix d\u2019une transition mal anticip\u00e9e.<\/p>\n<p>\u00c0 force de promesses sans r\u00e9sultats, <strong>Yamaha<\/strong><br \/>\npourrait perdre plus que des podiums : sa cr\u00e9dibilit\u00e9 et la<br \/>\npatience de son seul atout majeur.<\/p>\n<p>L\u2019absence volontaire de <a href=\"https:\/\/www.paddock-gp.com\/motogp-sur-la-yamaha-v4-fabio-quartararo-manque-tout-simplement-de-patience-mais-qui-a-dit-ca\/\" rel=\"nofollow noopener\" target=\"_blank\"><br \/>\n<strong>Yamaha<\/strong><\/a> dans le discours de <strong>Davide<br \/>\nTardozzi<\/strong> n\u2019est pas anodine : c\u2019est un signal envoy\u00e9 \u00e0 tout<br \/>\nle paddock.<\/p>\n<p><strong>Ducati<\/strong> ne voit plus la M1 comme une menace. Les<br \/>\nbatailles du pass\u00e9 \u2013 Rossi vs Stoner, Lorenzo vs Dovizioso,<br \/>\nQuartararo vs Bagnaia \u2013 semblent d\u00e9sormais lointaines.<\/p>\n<p>Pendant que Borgo Panigale accumule les victoires et anticipe<br \/>\nd\u00e9j\u00e0 2027, <strong>Yamaha<\/strong> semble courir apr\u00e8s un train<br \/>\nqu\u2019elle a rat\u00e9 depuis des ann\u00e9es. Et quand <strong>Ducati<\/strong><br \/>\nne vous consid\u00e8re m\u00eame plus comme un rival\u2026 c\u2019est peut-\u00eatre le pire<br \/>\ndes avertissements.<\/p>\n<p><img loading=\"lazy\" decoding=\"async\" class=\"aligncenter size-full wp-image-1335036\" src=\"https:\/\/www.europesays.com\/fr\/wp-content\/uploads\/2025\/10\/Yamaha.jpg\" alt=\"Yamaha\" width=\"747\" height=\"484\"  \/><\/p>\n","protected":false},"excerpt":{"rendered":"Ducati continue de r\u00e9gner sans partage sur le MotoGP : sixi\u00e8me titre constructeurs cons\u00e9cutif d\u00e9croch\u00e9 \u00e0 Barcelone, 91&hellip;\n","protected":false},"author":2,"featured_media":438691,"comment_status":"","ping_status":"","sticky":false,"template":"","format":"standard","meta":{"footnotes":""},"categories":[1413],"tags":[1011,27,1457,1456,60],"class_list":{"0":"post-438690","1":"post","2":"type-post","3":"status-publish","4":"format-standard","5":"has-post-thumbnail","7":"category-moto","8":"tag-fr","9":"tag-france","10":"tag-moto","11":"tag-motocycle","12":"tag-sports"},"share_on_mastodon":{"url":"https:\/\/pubeurope.com\/@fr\/115316101694761991","error":""},"_links":{"self":[{"href":"https:\/\/www.europesays.com\/fr\/wp-json\/wp\/v2\/posts\/438690","targetHints":{"allow":["GET"]}}],"collection":[{"href":"https:\/\/www.europesays.com\/fr\/wp-json\/wp\/v2\/posts"}],"about":[{"href":"https:\/\/www.europesays.com\/fr\/wp-json\/wp\/v2\/types\/post"}],"author":[{"embeddable":true,"href":"https:\/\/www.europesays.com\/fr\/wp-json\/wp\/v2\/users\/2"}],"replies":[{"embeddable":true,"href":"https:\/\/www.europesays.com\/fr\/wp-json\/wp\/v2\/comments?post=438690"}],"version-history":[{"count":0,"href":"https:\/\/www.europesays.com\/fr\/wp-json\/wp\/v2\/posts\/438690\/revisions"}],"wp:featuredmedia":[{"embeddable":true,"href":"https:\/\/www.europesays.com\/fr\/wp-json\/wp\/v2\/media\/438691"}],"wp:attachment":[{"href":"https:\/\/www.europesays.com\/fr\/wp-json\/wp\/v2\/media?parent=438690"}],"wp:term":[{"taxonomy":"category","embeddable":true,"href":"https:\/\/www.europesays.com\/fr\/wp-json\/wp\/v2\/categories?post=438690"},{"taxonomy":"post_tag","embeddable":true,"href":"https:\/\/www.europesays.com\/fr\/wp-json\/wp\/v2\/tags?post=438690"}],"curies":[{"name":"wp","href":"https:\/\/api.w.org\/{rel}","templated":true}]}}