{"id":438700,"date":"2025-10-04T13:25:15","date_gmt":"2025-10-04T13:25:15","guid":{"rendered":"https:\/\/www.europesays.com\/fr\/438700\/"},"modified":"2025-10-04T13:25:15","modified_gmt":"2025-10-04T13:25:15","slug":"reenchantons-le-premier-recueil-plein-despoir-doranne-volco","status":"publish","type":"post","link":"https:\/\/www.europesays.com\/fr\/438700\/","title":{"rendered":"\u201cR\u00e9enchantons\u201d\u00a0: le premier recueil plein d\u2019espoir d\u2019Oranne Volco"},"content":{"rendered":"<p>\n                                                                    l&rsquo;essentiel<br \/>\n                                                                Infirmi\u00e8re \u00e0 Fleurance et passionn\u00e9e de litt\u00e9rature, Oranne Volco signe avec R\u00e9enchantons un recueil de nouvelles qui invite \u00e0 retrouver la beaut\u00e9 du quotidien.\n                            <\/p>\n<p>C\u2019est dans la librairie-tabac-presse de J\u00e9r\u00f4me Lemos, \u00e0 Vic-Fezensac (anciennement \u00ab\u00a0chez Ludo\u00a0\u00bb), qu\u2019Oranne Volco a d\u00e9dicac\u00e9 son premier livre. Infirmi\u00e8re \u00e0 l\u2019h\u00f4pital de Fleurance, m\u00e8re de quatre enfants et habitante de la commune, elle cultive depuis l\u2019adolescence une passion pour l\u2019\u00e9criture.<\/p>\n<p>Apr\u00e8s une pause consacr\u00e9e \u00e0 sa vie familiale et professionnelle, cette femme \u00e9nergique s\u2019est lanc\u00e9e en 2025 dans la publication de son premier ouvrage.<br \/>Le livre, intitul\u00e9 R\u00e9enchantons, est un recueil de nouvelles d\u2019environ vingt pages chacune, pour un total de 90 pages.<\/p>\n<p>L\u2019autrice y livre une s\u00e9rie d\u2019histoires empreintes d\u2019\u00e9motion et d\u2019optimisme.\u00a0\u00bbJe trouve qu\u2019il est grand temps de r\u00e9enchanter le monde\u00a0! Dans nos vies actuelles, il existe des choses sublimes qui m\u00e9ritent d\u2019\u00eatre soulign\u00e9es. Nous ne prenons plus le temps de nous y arr\u00eater.\u00a0\u00bb confie-t-elle.<\/p>\n<p>Et d\u2019ajouter\u00a0: \u00ab\u00a0Nous avons tous des choses fantastiques \u00e0 vivre et \u00e0 lire. C\u2019est donc une petite parenth\u00e8se enchant\u00e9e que j\u2019ai voulu offrir \u00e0 mes lecteurs.\u00a0\u00bb<br \/>Oranne Volco participera prochainement au 3\u1d49 Salon du Livre de Touget, organis\u00e9 par l\u2019association Libre de Lire \u00e0 la Ferme de la Culture.<\/p>\n<p>Elle y pr\u00e9sentera R\u00e9enchantons et \u00e9voquera d\u00e9j\u00e0 son second ouvrage en pr\u00e9paration, une suite ind\u00e9pendante du premier\u00a0: \u00ab\u00a0Il pourra se lire \u00e0 part\u00a0! Cela tisse une trame un peu plus compl\u00e8te. Chaque histoire garde sa simplicit\u00e9, avec un second niveau de lecture plus profond. Il y en a pour tous les go\u00fbts\u00a0!\u00a0\u00bb<\/p>\n<p>Pr\u00e9sent lors de cette premi\u00e8re s\u00e9ance de d\u00e9dicace, Silvio Catanoso, halt\u00e9rophile et \u00e9crivain, t\u00e9moigne \u00ab\u00a0J\u2019ai lu une de ses nouvelles, et je suis tomb\u00e9 amoureux de sa plume. C\u2019est une v\u00e9ritable litt\u00e9raire. Je l\u2019ai encourag\u00e9e \u00e0 \u00e9crire ce premier roman, et je l\u2019ai accompagn\u00e9e tout au long de ses d\u00e9marches. Ensuite, je l\u2019ai pr\u00e9sent\u00e9e \u00e0 mon \u00e9diteur.\u00a0\u00bb<\/p>\n","protected":false},"excerpt":{"rendered":"l&rsquo;essentiel Infirmi\u00e8re \u00e0 Fleurance et passionn\u00e9e de litt\u00e9rature, Oranne Volco signe avec R\u00e9enchantons un recueil de nouvelles qui&hellip;\n","protected":false},"author":2,"featured_media":438701,"comment_status":"","ping_status":"","sticky":false,"template":"","format":"standard","meta":{"footnotes":""},"categories":[1357],"tags":[1379,58,59,1011,27,1380],"class_list":{"0":"post-438700","1":"post","2":"type-post","3":"status-publish","4":"format-standard","5":"has-post-thumbnail","7":"category-livres","8":"tag-books","9":"tag-divertissement","10":"tag-entertainment","11":"tag-fr","12":"tag-france","13":"tag-livres"},"share_on_mastodon":{"url":"https:\/\/pubeurope.com\/@fr\/115316125167367991","error":""},"_links":{"self":[{"href":"https:\/\/www.europesays.com\/fr\/wp-json\/wp\/v2\/posts\/438700","targetHints":{"allow":["GET"]}}],"collection":[{"href":"https:\/\/www.europesays.com\/fr\/wp-json\/wp\/v2\/posts"}],"about":[{"href":"https:\/\/www.europesays.com\/fr\/wp-json\/wp\/v2\/types\/post"}],"author":[{"embeddable":true,"href":"https:\/\/www.europesays.com\/fr\/wp-json\/wp\/v2\/users\/2"}],"replies":[{"embeddable":true,"href":"https:\/\/www.europesays.com\/fr\/wp-json\/wp\/v2\/comments?post=438700"}],"version-history":[{"count":0,"href":"https:\/\/www.europesays.com\/fr\/wp-json\/wp\/v2\/posts\/438700\/revisions"}],"wp:featuredmedia":[{"embeddable":true,"href":"https:\/\/www.europesays.com\/fr\/wp-json\/wp\/v2\/media\/438701"}],"wp:attachment":[{"href":"https:\/\/www.europesays.com\/fr\/wp-json\/wp\/v2\/media?parent=438700"}],"wp:term":[{"taxonomy":"category","embeddable":true,"href":"https:\/\/www.europesays.com\/fr\/wp-json\/wp\/v2\/categories?post=438700"},{"taxonomy":"post_tag","embeddable":true,"href":"https:\/\/www.europesays.com\/fr\/wp-json\/wp\/v2\/tags?post=438700"}],"curies":[{"name":"wp","href":"https:\/\/api.w.org\/{rel}","templated":true}]}}