{"id":438717,"date":"2025-10-04T13:34:11","date_gmt":"2025-10-04T13:34:11","guid":{"rendered":"https:\/\/www.europesays.com\/fr\/438717\/"},"modified":"2025-10-04T13:34:11","modified_gmt":"2025-10-04T13:34:11","slug":"les-ours-de-plus-en-plus-presents-deux-morts-dans-de-nouvelles-attaques","status":"publish","type":"post","link":"https:\/\/www.europesays.com\/fr\/438717\/","title":{"rendered":"Les ours de plus en plus pr\u00e9sents, deux morts dans de nouvelles attaques"},"content":{"rendered":"<p>Mais que se passe-t-il avec les <a href=\"https:\/\/www.20minutes.fr\/planete\/ours\/\" target=\"_blank\" class=\"c-link c-link--is-underlined\" rel=\"noopener\">ours<\/a> au <a href=\"https:\/\/www.20minutes.fr\/dossier\/japon\" target=\"_blank\" class=\"c-link c-link--is-underlined\" rel=\"noopener\">Japon<\/a>\u00a0? Des attaques imput\u00e9es \u00e0 ces animaux ont fait deux morts dans le pays vendredi, ont indiqu\u00e9 ce samedi la police et des m\u00e9dias japonais, dans un contexte de prolif\u00e9ration de ces animaux dans ce pays. Une cueilleuse de <a href=\"https:\/\/www.20minutes.fr\/dossier\/champignon\" target=\"_blank\" class=\"c-link c-link--is-underlined\" rel=\"noopener\">champignons<\/a> a \u00e9t\u00e9 retrouv\u00e9e morte dans une for\u00eat de la pr\u00e9fecture de Miyagi, dans le nord-est de l\u2019\u00eele de Honshu, et une autre est port\u00e9e disparue, a indiqu\u00e9 la police.<\/p>\n<p>Les causes de la mort de la septuag\u00e9naire n\u2019ont pas \u00e9t\u00e9 formellement confirm\u00e9es mais selon des m\u00e9dias locaux, elle a \u00e9t\u00e9 alert\u00e9e par d\u2019autres cueilleurs qui ont signal\u00e9 une attaque d\u2019ours. Une attaque distincte et elle aussi attribu\u00e9e \u00e0 un ours a co\u00fbt\u00e9 la vie \u00e0 un homme de 78 ans dans la pr\u00e9fecture de Nagano, au nord-ouest de Tokyo, selon le quotidien national Asahi Shimbun.<\/p>\n<p>Cinq morts entre avril et ao\u00fbt<\/p>\n<p>De plus en plus d\u2019ours sauvages ont \u00e9t\u00e9 observ\u00e9s au Japon ces derni\u00e8res ann\u00e9es, jusque dans des zones r\u00e9sidentielles, pour des raisons li\u00e9es au <a href=\"https:\/\/www.20minutes.fr\/dossier\/changement_climatique\" target=\"_blank\" class=\"c-link c-link--is-underlined\" rel=\"noopener\">changement climatique<\/a> et au d\u00e9clin de la population. Le mois dernier, le Japon a assoupli les r\u00e8gles sur les <a href=\"https:\/\/www.20minutes.fr\/dossier\/armes\" target=\"_blank\" class=\"c-link c-link--is-underlined\" rel=\"noopener\">armes \u00e0 feu<\/a> de fa\u00e7on \u00e0 faciliter leur emploi par les <a href=\"https:\/\/www.20minutes.fr\/dossier\/chasseurs\" target=\"_blank\" class=\"c-link c-link--is-underlined\" rel=\"noopener\">chasseurs<\/a> dans les zones urbaines suite \u00e0 une augmentation des attaques d\u2019ours.<\/p>\n<\/p>\n<p>Selon la radiot\u00e9l\u00e9vision publique NHK, les attaques d\u2019ours ont fait cinq morts et 64 bless\u00e9s entre avril et ao\u00fbt cette ann\u00e9e. Pr\u00e9c\u00e9demment, selon les donn\u00e9es gouvernementales, les ours avaient attaqu\u00e9 85 personnes lors de l\u2019ann\u00e9e se terminant en mars\u00a02025, faisant trois morts. L\u2019ann\u00e9e pr\u00e9c\u00e9dente, il y avait eu 219 attaques et six d\u00e9c\u00e8s.<\/p>\n","protected":false},"excerpt":{"rendered":"Mais que se passe-t-il avec les ours au Japon\u00a0? Des attaques imput\u00e9es \u00e0 ces animaux ont fait deux&hellip;\n","protected":false},"author":2,"featured_media":438718,"comment_status":"","ping_status":"","sticky":false,"template":"","format":"standard","meta":{"footnotes":""},"categories":[5],"tags":[47,11,4734,7907,1011,27,14,2070,74,12,34091,28],"class_list":{"0":"post-438717","1":"post","2":"type-post","3":"status-publish","4":"format-standard","5":"has-post-thumbnail","7":"category-international","8":"tag-actualite","9":"tag-actualites","10":"tag-changement-climatique","11":"tag-chasseurs","12":"tag-fr","13":"tag-france","14":"tag-international","15":"tag-japon","16":"tag-monde","17":"tag-news","18":"tag-ours","19":"tag-world"},"share_on_mastodon":{"url":"https:\/\/pubeurope.com\/@fr\/115316160157042458","error":""},"_links":{"self":[{"href":"https:\/\/www.europesays.com\/fr\/wp-json\/wp\/v2\/posts\/438717","targetHints":{"allow":["GET"]}}],"collection":[{"href":"https:\/\/www.europesays.com\/fr\/wp-json\/wp\/v2\/posts"}],"about":[{"href":"https:\/\/www.europesays.com\/fr\/wp-json\/wp\/v2\/types\/post"}],"author":[{"embeddable":true,"href":"https:\/\/www.europesays.com\/fr\/wp-json\/wp\/v2\/users\/2"}],"replies":[{"embeddable":true,"href":"https:\/\/www.europesays.com\/fr\/wp-json\/wp\/v2\/comments?post=438717"}],"version-history":[{"count":0,"href":"https:\/\/www.europesays.com\/fr\/wp-json\/wp\/v2\/posts\/438717\/revisions"}],"wp:featuredmedia":[{"embeddable":true,"href":"https:\/\/www.europesays.com\/fr\/wp-json\/wp\/v2\/media\/438718"}],"wp:attachment":[{"href":"https:\/\/www.europesays.com\/fr\/wp-json\/wp\/v2\/media?parent=438717"}],"wp:term":[{"taxonomy":"category","embeddable":true,"href":"https:\/\/www.europesays.com\/fr\/wp-json\/wp\/v2\/categories?post=438717"},{"taxonomy":"post_tag","embeddable":true,"href":"https:\/\/www.europesays.com\/fr\/wp-json\/wp\/v2\/tags?post=438717"}],"curies":[{"name":"wp","href":"https:\/\/api.w.org\/{rel}","templated":true}]}}