{"id":438719,"date":"2025-10-04T13:35:12","date_gmt":"2025-10-04T13:35:12","guid":{"rendered":"https:\/\/www.europesays.com\/fr\/438719\/"},"modified":"2025-10-04T13:35:12","modified_gmt":"2025-10-04T13:35:12","slug":"emmanuel-macron-fustige-le-bruit-et-la-fureur-des-reseaux-sociaux","status":"publish","type":"post","link":"https:\/\/www.europesays.com\/fr\/438719\/","title":{"rendered":"Emmanuel Macron fustige \u00able bruit et la fureur\u00bb des r\u00e9seaux sociaux"},"content":{"rendered":"<p>Le pr\u00e9sident fran\u00e7ais a appel\u00e9 vendredi les Europ\u00e9ens \u00e0 \u00abreprendre le contr\u00f4le de leur espace d\u00e9mocratique\u00bb, accusant les g\u00e9ants du num\u00e9rique d\u2019alimenter la haine, la d\u00e9sinformation et la radicalisation politique.<\/p>\n<p class=\"fig-paragraph\">En d\u00e9placement \u00e0 Sarrebruck, en Allemagne,<a href=\"http:\/\/www.lefigaro.fr\/international\/emmanuel-macron-appelle-les-europeens-a-bloquer-la-flotte-fantome-russe-20251002\" data-fig-type=\"NewsFlash\" data-gtm-custom-categorie=\"navigation\" data-gtm-custom-action=\"crossclick\" data-gtm-custom-label=\"Contextuel\" data-gtm-event=\"customEventSPE\" data-fig-domain=\"LEFIGARO\" rel=\"nofollow noopener\" target=\"_blank\">\u00a0Emmanuel Macron<\/a>\u00a0a livr\u00e9 vendredi 3 octobre un discours offensif sur la responsabilit\u00e9 des<a href=\"http:\/\/www.lefigaro.fr\/conso\/reseaux-sociaux-influenceurs-rarete-ces-innovations-alimentaires-qui-cartonnent-en-2025-20250930\" data-fig-type=\"Article\" data-gtm-custom-categorie=\"navigation\" data-gtm-custom-action=\"crossclick\" data-gtm-custom-label=\"Contextuel\" data-gtm-event=\"customEventSPE\" data-fig-domain=\"LEFIGARO\" rel=\"nofollow noopener\" target=\"_blank\">\u00a0r\u00e9seaux sociaux<\/a>\u00a0dans la fragilisation des d\u00e9mocraties occidentales. \u00abNous avons eu l\u2019immense na\u00efvet\u00e9 de confier notre espace d\u00e9mocratique \u00e0 des r\u00e9seaux sociaux qui sont \u00e0 la main soit de grands entrepreneurs am\u00e9ricains, soit de grandes soci\u00e9t\u00e9s chinoises dont les int\u00e9r\u00eats ne sont pas du tout la survie ou le bon fonctionnement de notre d\u00e9mocratie\u00bb, a-t-il lanc\u00e9, appelant l\u2019Europe \u00e0 un \u00absursaut\u00bb.<\/p>\n<p class=\"fig-paragraph\">Le chef de l\u2019\u00c9tat fran\u00e7ais a d\u00e9nonc\u00e9 la logique m\u00eame de ces plateformes, qui favorisent \u00abl\u2019excitation cognitive\u00bb et \u00abla surr\u00e9action\u00bb, au d\u00e9triment du d\u00e9bat raisonn\u00e9. \u00abL\u2019ordre de m\u00e9rite, c\u2019est que l\u2019\u00e9motion est sup\u00e9rieure \u00e0 l\u2019argument, et que l\u2019\u00e9motion n\u00e9gative est sup\u00e9rieure \u00e0 l\u2019\u00e9motion positive\u00bb, a-t-il poursuivi, \u00e9voquant une agora d\u00e9voy\u00e9e o\u00f9 \u00able bruit et la fureur l\u2019emportent sur la r\u00e9flexion, o\u00f9 la musique dispara\u00eet pour laisser place aux cris\u00bb.<\/p>\n<p>                                    <a class=\"fig-a11y-skip a11y-hidden\" href=\"#fig-a11y-skip-main-inarticle\"><br \/>\n        Passer la publicit\u00e9<br \/>\n    <\/a><\/p>\n<p class=\"fig-paragraph\">Pour Emmanuel Macron, les cons\u00e9quences sont d\u00e9j\u00e0 visibles\u00a0: \u00abRegardez l\u2019\u00e9pid\u00e9mie de troubles mentaux, de comportements alimentaires de nos adolescents et de nos jeunes. Il est totalement corr\u00e9l\u00e9 \u00e0 l\u2019\u00e9mergence des r\u00e9seaux sociaux\u00bb; a-t-il estim\u00e9.<\/p>\n<blockquote class=\"fig-quote&#10;    \">\n<p class=\"fig-quote__text\">Remettons la science et la connaissance au c\u0153ur. Redonnons leur place \u00e0 la culture, \u00e0 l\u2019\u00e9ducation, \u00e0 l\u2019apprentissage.<\/p>\n<p>            Emmanuel Macron \u00e0 Sarrebruck le 3 octobre 2025.\n    <\/p><\/blockquote>\n<p class=\"fig-paragraph\">Le pr\u00e9sident a exhort\u00e9 l\u2019Union europ\u00e9enne \u00e0 instaurer des r\u00e8gles claires\u00a0: \u00abQuand vous avez un journal, vous \u00eates responsables de ce qu\u2019il s\u2019y publie. Quand vous avez un r\u00e9seau social, vous devriez \u00eatre responsables de ce qu\u2019il s\u2019y publie\u00bb. Il a plaid\u00e9 pour l\u2019interdiction des faux comptes, la tra\u00e7abilit\u00e9 des auteurs de contenus et la protection accrue des jeunes.<\/p>\n<p class=\"fig-paragraph\">\u00abSi nous ne nous r\u00e9veillons pas, nous, Europ\u00e9ens, pour prendre le contr\u00f4le de notre d\u00e9mocratie, je vous l\u2019\u00e9cris\u00a0: d\u2019ici dix ans, tout ce qui joue sur cette infrastructure ou avec elle auront gagn\u00e9, avertit-il. Et nous serons un continent, comme beaucoup d\u2019autres, de complotistes, d\u2019extr\u00eames, de bruit et de fureur\u00bb.<\/p>\n<p class=\"fig-paragraph\">Avant de conclure sur un appel \u00e0 refonder le d\u00e9bat public autour de la connaissance\u00a0: \u00abSi nous croyons encore \u00e0 l\u2019ordre d\u00e9mocratique, remettons la science et la connaissance au c\u0153ur. Redonnons leur place \u00e0 la culture, \u00e0 l\u2019\u00e9ducation, \u00e0 l\u2019apprentissage. Prot\u00e9geons nos adolescents et nos jeunes de ces r\u00e9seaux sociaux.\u00bb<\/p>\n","protected":false},"excerpt":{"rendered":"Le pr\u00e9sident fran\u00e7ais a appel\u00e9 vendredi les Europ\u00e9ens \u00e0 \u00abreprendre le contr\u00f4le de leur espace d\u00e9mocratique\u00bb, accusant les&hellip;\n","protected":false},"author":2,"featured_media":438720,"comment_status":"","ping_status":"","sticky":false,"template":"","format":"standard","meta":{"footnotes":""},"categories":[4],"tags":[11,1011,27,11514,12,25,938],"class_list":{"0":"post-438719","1":"post","2":"type-post","3":"status-publish","4":"format-standard","5":"has-post-thumbnail","7":"category-france","8":"tag-actualites","9":"tag-fr","10":"tag-france","11":"tag-macron","12":"tag-news","13":"tag-republique-francaise","14":"tag-reseaux-sociaux"},"share_on_mastodon":{"url":"https:\/\/pubeurope.com\/@fr\/115316164209743523","error":""},"_links":{"self":[{"href":"https:\/\/www.europesays.com\/fr\/wp-json\/wp\/v2\/posts\/438719","targetHints":{"allow":["GET"]}}],"collection":[{"href":"https:\/\/www.europesays.com\/fr\/wp-json\/wp\/v2\/posts"}],"about":[{"href":"https:\/\/www.europesays.com\/fr\/wp-json\/wp\/v2\/types\/post"}],"author":[{"embeddable":true,"href":"https:\/\/www.europesays.com\/fr\/wp-json\/wp\/v2\/users\/2"}],"replies":[{"embeddable":true,"href":"https:\/\/www.europesays.com\/fr\/wp-json\/wp\/v2\/comments?post=438719"}],"version-history":[{"count":0,"href":"https:\/\/www.europesays.com\/fr\/wp-json\/wp\/v2\/posts\/438719\/revisions"}],"wp:featuredmedia":[{"embeddable":true,"href":"https:\/\/www.europesays.com\/fr\/wp-json\/wp\/v2\/media\/438720"}],"wp:attachment":[{"href":"https:\/\/www.europesays.com\/fr\/wp-json\/wp\/v2\/media?parent=438719"}],"wp:term":[{"taxonomy":"category","embeddable":true,"href":"https:\/\/www.europesays.com\/fr\/wp-json\/wp\/v2\/categories?post=438719"},{"taxonomy":"post_tag","embeddable":true,"href":"https:\/\/www.europesays.com\/fr\/wp-json\/wp\/v2\/tags?post=438719"}],"curies":[{"name":"wp","href":"https:\/\/api.w.org\/{rel}","templated":true}]}}