{"id":438730,"date":"2025-10-04T13:42:14","date_gmt":"2025-10-04T13:42:14","guid":{"rendered":"https:\/\/www.europesays.com\/fr\/438730\/"},"modified":"2025-10-04T13:42:14","modified_gmt":"2025-10-04T13:42:14","slug":"la-sncm-ouvre-les-reservations-entre-toulon-et-la-corse","status":"publish","type":"post","link":"https:\/\/www.europesays.com\/fr\/438730\/","title":{"rendered":"La SNCM ouvre les r\u00e9servations entre Toulon et la Corse"},"content":{"rendered":"<p>La SCNM l&rsquo;avait annonc\u00e9 fin octobre. Les rotations entre Toulon et la Corse vont d\u00e9buter le 27 janvier prochain et la compagnie vient d&rsquo;ouvrir les r\u00e9servations. Pour l&rsquo;ann\u00e9e 2012, la SNCM pr\u00e9voit 370 travers\u00e9es selon un principe de programmation saisonni\u00e8re.   <br \/>Du 27 janvier au 21 Juin et du 4 Septembre au 31 D\u00e9cembre, il y  aura 6 travers\u00e9es par semaine (au d\u00e9part de Toulon pour Bastia les lundis et vendredis, au d\u00e9part de Toulon pour Ajaccio les mercredis, au d\u00e9part de Bastia les mardis et samedis, au d\u00e9part d&rsquo;Ajaccio les jeudis). Les horaires de d\u00e9part sont \u00e0 20h et ceux d&rsquo;arriv\u00e9e \u00e0 6h30. Du 22 Juin au 3 Septembre, 8 travers\u00e9es par semaine, sont programm\u00e9es (les m\u00eames qu&rsquo;en hiver et deux travers\u00e9es suppl\u00e9mentaires sur la ligne de Bastia).  <br \/>Les tarifs sont annonc\u00e9s comme \u00e9tant du m\u00eame niveau que ceux pratiqu\u00e9s par la SNCM entre  Nice et la Corse. Les rotations seront assur\u00e9es d&rsquo;abord par le ferry Corse, puis renforc\u00e9es \u00e0 l&rsquo;\u00e9t\u00e9 par l&rsquo;Ile de Beaut\u00e9. Ce dernier, apr\u00e8s avoir assur\u00e9 une premi\u00e8re saison, pourrait \u00eatre remplac\u00e9 en 2013 par un navire affr\u00e9t\u00e9. Datant de 1979, l&rsquo;Ile de Beaut\u00e9, doyen de la flotte de la SNCM, est en vente. Comme le Corse, ce navire sera exploit\u00e9 sur Toulon en configuration cargo mixte, afin d&rsquo;offrir une large place au fret, segment d&rsquo;activit\u00e9 prioritaire de la SNCM. Avec cette nouvelle ligne, la compagnie marseillaise compte r\u00e9pondre \u00e0 la demande de certains de ses clients, d\u00e9sireux de passer par Toulon pour r\u00e9duire le temps de transit vers la Corse et b\u00e9n\u00e9ficier des infrastructures logistiques du port varois. Int\u00e9ressant pour les marchandises provenant de l&rsquo;Est, notamment en mati\u00e8re de produits frais, la desserte de la Corse via Toulon permettra \u00e0 la SNCM de compl\u00e9ter son offre avec des prix attractifs. <\/p>\n","protected":false},"excerpt":{"rendered":"La SCNM l&rsquo;avait annonc\u00e9 fin octobre. Les rotations entre Toulon et la Corse vont d\u00e9buter le 27 janvier&hellip;\n","protected":false},"author":2,"featured_media":438731,"comment_status":"","ping_status":"","sticky":false,"template":"","format":"standard","meta":{"footnotes":""},"categories":[9619],"tags":[1111,11,6130,6141,6131,6138,2380,6135,554,1777,6136,674,1011,27,6139,6134,3135,6128,567,6129,6127,12,6132,4838,882,6133,25,6140,6137,2310],"class_list":{"0":"post-438730","1":"post","2":"type-post","3":"status-publish","4":"format-standard","5":"has-post-thumbnail","7":"category-toulon","8":"tag-actu","9":"tag-actualites","10":"tag-chantiers","11":"tag-commando","12":"tag-construction-navale","13":"tag-costa","14":"tag-croisiere","15":"tag-dcns","16":"tag-defense","17":"tag-eu","18":"tag-euronaval","19":"tag-europe","20":"tag-fr","21":"tag-france","22":"tag-fremm","23":"tag-interviews","24":"tag-littoral","25":"tag-marine","26":"tag-marine-nationale","27":"tag-maritime","28":"tag-mer","29":"tag-news","30":"tag-offshore","31":"tag-peche","32":"tag-provence-alpes-cote-dazur","33":"tag-reportages","34":"tag-republique-francaise","35":"tag-sncm","36":"tag-stx","37":"tag-toulon"},"share_on_mastodon":{"url":"https:\/\/pubeurope.com\/@fr\/115316191656913742","error":""},"_links":{"self":[{"href":"https:\/\/www.europesays.com\/fr\/wp-json\/wp\/v2\/posts\/438730","targetHints":{"allow":["GET"]}}],"collection":[{"href":"https:\/\/www.europesays.com\/fr\/wp-json\/wp\/v2\/posts"}],"about":[{"href":"https:\/\/www.europesays.com\/fr\/wp-json\/wp\/v2\/types\/post"}],"author":[{"embeddable":true,"href":"https:\/\/www.europesays.com\/fr\/wp-json\/wp\/v2\/users\/2"}],"replies":[{"embeddable":true,"href":"https:\/\/www.europesays.com\/fr\/wp-json\/wp\/v2\/comments?post=438730"}],"version-history":[{"count":0,"href":"https:\/\/www.europesays.com\/fr\/wp-json\/wp\/v2\/posts\/438730\/revisions"}],"wp:featuredmedia":[{"embeddable":true,"href":"https:\/\/www.europesays.com\/fr\/wp-json\/wp\/v2\/media\/438731"}],"wp:attachment":[{"href":"https:\/\/www.europesays.com\/fr\/wp-json\/wp\/v2\/media?parent=438730"}],"wp:term":[{"taxonomy":"category","embeddable":true,"href":"https:\/\/www.europesays.com\/fr\/wp-json\/wp\/v2\/categories?post=438730"},{"taxonomy":"post_tag","embeddable":true,"href":"https:\/\/www.europesays.com\/fr\/wp-json\/wp\/v2\/tags?post=438730"}],"curies":[{"name":"wp","href":"https:\/\/api.w.org\/{rel}","templated":true}]}}