{"id":438741,"date":"2025-10-04T13:53:14","date_gmt":"2025-10-04T13:53:14","guid":{"rendered":"https:\/\/www.europesays.com\/fr\/438741\/"},"modified":"2025-10-04T13:53:14","modified_gmt":"2025-10-04T13:53:14","slug":"dans-le-plus-grand-centre-commercial-de-bretagne-des-salaries-du-magasin-carrefour-en-colere","status":"publish","type":"post","link":"https:\/\/www.europesays.com\/fr\/438741\/","title":{"rendered":"Dans le plus grand centre commercial de Bretagne, des salari\u00e9s du magasin Carrefour en col\u00e8re"},"content":{"rendered":"<p>            Par<br \/>\n        <strong><br \/>\n            <a href=\"https:\/\/actu.fr\/auteur\/brian-legoff\" title=\"Consulter tous les articles de Brian Le Goff\" rel=\"nofollow noopener\" target=\"_blank\">Brian Le Goff<\/a><br \/>\n        <\/strong><\/p>\n<p>        Publi\u00e9 le<\/p>\n<p>            4 oct. 2025 \u00e0 12h45        <\/p>\n<p>Ils sont <strong>plusieurs dizaines de salari\u00e9s<\/strong> \u00e0 avoir d\u00e9bray\u00e9 <strong>pour la pr\u00e9servation de leurs droits<\/strong>, samedi 4\u00a0octobre, en d\u00e9but de matin\u00e9e, devant le <strong>magasin Carrefour Alma,<\/strong> au sein du plus grand centre commercial de Bretagne \u00e0 Rennes.<\/p>\n<p>Un changement de structure<\/p>\n<p class=\" wall-content\">En effet, depuis 2022, la grande surface est <strong>pass\u00e9e en location-g\u00e9rance<\/strong>. Ce qui signifie qu\u2019elle n\u2019est plus rattach\u00e9e directement \u00e0 l\u2019enseigne. Aujourd\u2019hui, l\u2019hypermarch\u00e9 est <strong>exploit\u00e9 par une soci\u00e9t\u00e9 appel\u00e9e Almaredis<\/strong>.<\/p>\n<p class=\" wall-content\">Dans ce contexte, les employ\u00e9s <strong>ne b\u00e9n\u00e9ficient plus des avantages de la maison-m\u00e8re<\/strong>.<\/p>\n<p class=\" wall-content\">Ainsi, ils expliquent que <strong>\u00ab\u2009la direction veut d\u00e9truire [leurs] droits<\/strong> et d\u00e9grader encore davantage [leurs] conditions de travail\u2009\u00bb. Notamment sur les points suivants \u00e9num\u00e9r\u00e9s dans un tract distribu\u00e9 aux clients et nomm\u00e9 \u00ab\u2009Chers clients, sachez ce qui se passe dans votre magasin\u2009\u00bb\u2009:<\/p>\n<ul class=\" wall-content\">\n<li>travail tous les samedis, avec la <strong>suppression du roulement<\/strong> actuel\u2009;<\/li>\n<li><strong>suppression de jours pour enfants malades,<\/strong> les parents ne pourront plus s\u2019occuper de leurs enfants en cas d\u2019urgence\u2009;<\/li>\n<li><strong>obligation de travailler les jours f\u00e9ri\u00e9s<\/strong> sans tenir compte des volontaires\u2009;<\/li>\n<li>horaires d\u00e9grad\u00e9s avec la <strong>suppression d\u2019horaires adapt\u00e9s<\/strong>\u2009;<\/li>\n<li><strong>flicage permanent par un consultant ext\u00e9rieur<\/strong> qui nous surveille et nous met sous pression.<\/li>\n<\/ul>\n<p>Une r\u00e9percussion pour les clients<\/p>\n<p class=\" wall-content\">Face \u00e0 cette situation, les salari\u00e9s, <strong>soutenus par les syndicats Force Ouvri\u00e8re et CGT,<\/strong> dont les repr\u00e9sentants d\u00e9partementaux ont fait le d\u00e9placement ce samedi matin, assurent que les cons\u00e9quences concernent aussi les clients\u2009: \u00ab<strong>\u2009Des salari\u00e9s \u00e9puis\u00e9s, d\u00e9motiv\u00e9s<\/strong> et surveill\u00e9s comme des suspects. Un climat de travail d\u00e9grad\u00e9 qui <strong>se r\u00e9percute forc\u00e9ment sur l\u2019accueil et la qualit\u00e9 de service.<\/strong> Des \u00e9conomies faites sur le dos des travailleurs et de vos courses.\u2009\u00bb<\/p>\n<p class=\" wall-content\">Ainsi, tous ceux mobilis\u00e9s <strong>\u00ab\u2009refusent de travailler, avec moins de droits<\/strong> et dans des conditions de plus en plus intol\u00e9rables\u2009\u00bb.<\/p>\n<p>Votre r\u00e9gion, votre actu !<\/p>\n<p>Recevez chaque jour les infos qui comptent pour vous.<\/p>\n<p>\t<a href=\"https:\/\/actu.fr\/newsletter\" class=\"ac-btn ac-btn--corner ac-btn--medium ac-btn--blue800\" rel=\"nofollow noopener\" target=\"_blank\">S&rsquo;incrire<\/a><br \/>\nContact\u00e9e par <a href=\"https:\/\/actu.fr\/rennes\/\" rel=\"nofollow noopener\" target=\"_blank\">actu Rennes <\/a>ce samedi midi, la direction n\u2019a, \u00e0 l\u2019heure o\u00f9 nous \u00e9crivons ces lignes, pas pu r\u00e9pondre \u00e0 notre demande de r\u00e9action. Nous ne manquerons de mettre \u00e0 jour cet article avec la r\u00e9ponse de la direction.<\/p>\n<p class=\" wall-content\">Personnalisez votre actualit\u00e9 en ajoutant vos villes et m\u00e9dias en favori avec <a href=\"https:\/\/moncompte.actu.fr\" title=\"D\u00e9couvez Mon Actu\" rel=\"nofollow noopener\" data-trk=\"{&quot;cta&quot;:{&quot;action&quot;:&quot;https:\\\/\\\/moncompte.actu.fr&quot;,&quot;category&quot;:&quot;mon compte&quot;,&quot;from&quot;:&quot;article footer&quot;,&quot;name&quot;:&quot;Mon actu&quot;,&quot;type&quot;:&quot;cta&quot;}}\" target=\"_blank\">Mon Actu<\/a>.<\/p>\n","protected":false},"excerpt":{"rendered":"Par Brian Le Goff Publi\u00e9 le 4 oct. 2025 \u00e0 12h45 Ils sont plusieurs dizaines de salari\u00e9s \u00e0&hellip;\n","protected":false},"author":2,"featured_media":438742,"comment_status":"","ping_status":"","sticky":false,"template":"","format":"standard","meta":{"footnotes":""},"categories":[2821],"tags":[1111,11,829,4304,33,1777,674,1011,27,6151,12,584,25],"class_list":{"0":"post-438741","1":"post","2":"type-post","3":"status-publish","4":"format-standard","5":"has-post-thumbnail","7":"category-rennes","8":"tag-actu","9":"tag-actualites","10":"tag-bretagne","11":"tag-carrefour","12":"tag-economie","13":"tag-eu","14":"tag-europe","15":"tag-fr","16":"tag-france","17":"tag-greve","18":"tag-news","19":"tag-rennes","20":"tag-republique-francaise"},"share_on_mastodon":{"url":"https:\/\/pubeurope.com\/@fr\/115316234919612234","error":""},"_links":{"self":[{"href":"https:\/\/www.europesays.com\/fr\/wp-json\/wp\/v2\/posts\/438741","targetHints":{"allow":["GET"]}}],"collection":[{"href":"https:\/\/www.europesays.com\/fr\/wp-json\/wp\/v2\/posts"}],"about":[{"href":"https:\/\/www.europesays.com\/fr\/wp-json\/wp\/v2\/types\/post"}],"author":[{"embeddable":true,"href":"https:\/\/www.europesays.com\/fr\/wp-json\/wp\/v2\/users\/2"}],"replies":[{"embeddable":true,"href":"https:\/\/www.europesays.com\/fr\/wp-json\/wp\/v2\/comments?post=438741"}],"version-history":[{"count":0,"href":"https:\/\/www.europesays.com\/fr\/wp-json\/wp\/v2\/posts\/438741\/revisions"}],"wp:featuredmedia":[{"embeddable":true,"href":"https:\/\/www.europesays.com\/fr\/wp-json\/wp\/v2\/media\/438742"}],"wp:attachment":[{"href":"https:\/\/www.europesays.com\/fr\/wp-json\/wp\/v2\/media?parent=438741"}],"wp:term":[{"taxonomy":"category","embeddable":true,"href":"https:\/\/www.europesays.com\/fr\/wp-json\/wp\/v2\/categories?post=438741"},{"taxonomy":"post_tag","embeddable":true,"href":"https:\/\/www.europesays.com\/fr\/wp-json\/wp\/v2\/tags?post=438741"}],"curies":[{"name":"wp","href":"https:\/\/api.w.org\/{rel}","templated":true}]}}