{"id":438745,"date":"2025-10-04T13:55:16","date_gmt":"2025-10-04T13:55:16","guid":{"rendered":"https:\/\/www.europesays.com\/fr\/438745\/"},"modified":"2025-10-04T13:55:16","modified_gmt":"2025-10-04T13:55:16","slug":"andrew-omobamidele-mon-erreur-face-au-havre-je-voulais-revenir-a-strasbourg-pour-passer-letape-suivante-alsasports","status":"publish","type":"post","link":"https:\/\/www.europesays.com\/fr\/438745\/","title":{"rendered":"Andrew Omobamidele : \u00ab\u00a0Mon erreur face au Havre ? Je voulais revenir \u00e0 Strasbourg pour passer l&rsquo;\u00e9tape suivante\u00a0\u00bb \u2014 Alsa&rsquo;Sports"},"content":{"rendered":"<p><strong>Le d\u00e9fenseur strasbourgeois Andrew Omobamidele a \u00e9voqu\u00e9 son erreur ayant provoqu\u00e9 le p\u00e9nalty face au Havre en mai dernier qui avait permis \u00e0 Lyon de passer devant Strasbourg. Et dit vouloir en faire quelque chose de positif. <\/strong><\/p>\n<p>Le sujet est presque venu de sa part. Andrew Omobamidele a \u00e9voqu\u00e9 sa forme actuelle avant de revenir sur un point de bascule dans son aventure \u00e0 Strasbourg : sa faute en mai dernier face au Havre amenant la d\u00e9faite et permettant \u00e0 Lyon de passer devant au classement dans les derni\u00e8res secondes. \u00ab\u00a0C\u2019est le foot, surtout en d\u00e9fense. M\u00eame les meilleurs d\u00e9fenseurs font des erreurs. Je suis confiant, il fallait passer \u00e0 l\u2019\u00e9tape suivante, je voulais transformer cette erreur en quelque chose de positif. C\u2019est l\u2019une des raisons pour lesquelles je voulais revenir \u00e0 Strasbourg. Relancer depuis l\u2019arri\u00e8re fait partie de mon jeu. J\u2019ai r\u00e9cup\u00e9r\u00e9 d\u2019une blessure en d\u00e9but de saison aussi, et j\u2019esp\u00e8re revenir \u00e0 mon meilleur niveau.\u00a0\u00bb<\/p>\n","protected":false},"excerpt":{"rendered":"Le d\u00e9fenseur strasbourgeois Andrew Omobamidele a \u00e9voqu\u00e9 son erreur ayant provoqu\u00e9 le p\u00e9nalty face au Havre en mai&hellip;\n","protected":false},"author":2,"featured_media":438746,"comment_status":"","ping_status":"","sticky":false,"template":"","format":"standard","meta":{"footnotes":""},"categories":[2820],"tags":[1111,11,1777,674,63,1011,27,775,66,12,4448,25,640],"class_list":{"0":"post-438745","1":"post","2":"type-post","3":"status-publish","4":"format-standard","5":"has-post-thumbnail","7":"category-strasbourg","8":"tag-actu","9":"tag-actualites","10":"tag-eu","11":"tag-europe","12":"tag-football","13":"tag-fr","14":"tag-france","15":"tag-grand-est","16":"tag-ligue-1","17":"tag-news","18":"tag-rc-strasbourg","19":"tag-republique-francaise","20":"tag-strasbourg"},"share_on_mastodon":{"url":"https:\/\/pubeurope.com\/@fr\/115316242768745203","error":""},"_links":{"self":[{"href":"https:\/\/www.europesays.com\/fr\/wp-json\/wp\/v2\/posts\/438745","targetHints":{"allow":["GET"]}}],"collection":[{"href":"https:\/\/www.europesays.com\/fr\/wp-json\/wp\/v2\/posts"}],"about":[{"href":"https:\/\/www.europesays.com\/fr\/wp-json\/wp\/v2\/types\/post"}],"author":[{"embeddable":true,"href":"https:\/\/www.europesays.com\/fr\/wp-json\/wp\/v2\/users\/2"}],"replies":[{"embeddable":true,"href":"https:\/\/www.europesays.com\/fr\/wp-json\/wp\/v2\/comments?post=438745"}],"version-history":[{"count":0,"href":"https:\/\/www.europesays.com\/fr\/wp-json\/wp\/v2\/posts\/438745\/revisions"}],"wp:featuredmedia":[{"embeddable":true,"href":"https:\/\/www.europesays.com\/fr\/wp-json\/wp\/v2\/media\/438746"}],"wp:attachment":[{"href":"https:\/\/www.europesays.com\/fr\/wp-json\/wp\/v2\/media?parent=438745"}],"wp:term":[{"taxonomy":"category","embeddable":true,"href":"https:\/\/www.europesays.com\/fr\/wp-json\/wp\/v2\/categories?post=438745"},{"taxonomy":"post_tag","embeddable":true,"href":"https:\/\/www.europesays.com\/fr\/wp-json\/wp\/v2\/tags?post=438745"}],"curies":[{"name":"wp","href":"https:\/\/api.w.org\/{rel}","templated":true}]}}