{"id":438747,"date":"2025-10-04T13:56:16","date_gmt":"2025-10-04T13:56:16","guid":{"rendered":"https:\/\/www.europesays.com\/fr\/438747\/"},"modified":"2025-10-04T13:56:16","modified_gmt":"2025-10-04T13:56:16","slug":"linstitut-des-solutions-inaugure-sa-premiere-antenne-regionale-a-nice","status":"publish","type":"post","link":"https:\/\/www.europesays.com\/fr\/438747\/","title":{"rendered":"L\u2019Institut des Solutions inaugure sa premi\u00e8re antenne r\u00e9gionale \u00e0 Nice"},"content":{"rendered":"<p>                    <img loading=\"lazy\" decoding=\"async\" src=\"https:\/\/www.europesays.com\/fr\/wp-content\/uploads\/2025\/10\/62a92a08d3c32969ef8b817142b54d.png\" class=\"img-responsive post-image\" width=\"680\" height=\"510\" alt=\"L'Institut des Solutions\" title=\"L'Institut des Solutions inaugure sa premi\u00e8re antenne r\u00e9gionale \u00e0 Nice\"\/><\/p>\n<p class=\"chapo\">Le 7 octobre marquera le lancement officiel de l\u2019Institut des Solutions Sud (IDS Sud), premi\u00e8re d\u00e9clinaison r\u00e9gionale de l\u2019Institut des Solutions National. L\u2019\u00e9v\u00e9nement se tiendra \u00e0 la Plage Playamesa de l\u2019Holiday Inn Saint-Laurent-du-Var, en pr\u00e9sence de Pierre Gattaz, pr\u00e9sident fondateur de l\u2019Institut national, et d\u2019Yvon Grosso, pr\u00e9sident fondateur de l\u2019antenne r\u00e9gionale.<\/p>\n<p>                    Une ambition citoyenne et \u00e9conomique<\/p>\n<p>Cr\u00e9\u00e9e en ao\u00fbt 2025 sous la forme d\u2019une association loi 1901, l\u2019IDS Sud se positionne comme un \u00ab\u00a0<strong><a href=\"https:\/\/institut-des-solutions.com\/\" class=\"spip_out\" rel=\"external nofollow noopener\" target=\"_blank\">think and do tank<\/a> <\/strong>\u00a0\u00bb destin\u00e9 \u00e0 transformer les constats du terrain en initiatives concr\u00e8tes. L\u2019objectif affich\u00e9 est de f\u00e9d\u00e9rer l\u2019ensemble des citoyens \u2013 salari\u00e9s, entrepreneurs, commer\u00e7ants, professions lib\u00e9rales, retrait\u00e9s b\u00e9n\u00e9voles ou \u00e9tudiants \u2013 autour d\u2019un socle commun de propositions pour r\u00e9pondre aux enjeux de transition \u00e9cologique, de coh\u00e9sion sociale et de d\u00e9veloppement \u00e9conomique.<\/p>\n<p><strong>Trois piliers structurent l\u2019action de l\u2019Institut\u00a0:<\/strong><br \/>\n<br \/><b>\u2013<\/b>\u00a0une plateforme num\u00e9rique ouverte \u00e0 tous pour partager et co-construire des solutions\u00a0;<br \/>\n<br \/><b>\u2013<\/b>\u00a0des groupes de travail th\u00e9matiques associant experts, acteurs \u00e9conomiques et citoyens\u00a0;<br \/>\n<br \/><b>\u2013<\/b>\u00a0une p\u00e9dagogie innovante, notamment autour de la compr\u00e9hension du bulletin de salaire et de ses implications \u00e9conomiques et sociales.<\/p>\n<p>\u00ab\u00a0Passer des diagnostics aux solutions\u00a0\u00bb<\/p>\n<p>Pour <strong>Yvon Grosso<\/strong>, \u00ab\u00a0il y a une attente forte de l\u2019ensemble de nos concitoyens pour que l\u2019on remette les choses \u00e0 l\u2019endroit car la France a accumul\u00e9 beaucoup de retard. Avec l\u2019IDS Sud, nous voulons rassembler celles et ceux qui veulent passer des diagnostics aux solutions. Et \u00e9galement placer la R\u00e9gion Sud comme pionni\u00e8re des instituts territoriaux \u00e0 l\u2019\u00e9coute du terrain. \u00a0\u00bb<\/p>\n<p><strong>Pierre Gattaz<\/strong> souligne pour sa part que \u00ab\u00a0ce lancement marque une \u00e9tape d\u00e9cisive dans le d\u00e9ploiement de l\u2019IDS dans les r\u00e9gions. La R\u00e9gion Sud est la premi\u00e8re antenne r\u00e9gionale d\u2019un r\u00e9seau territorial que nous voulons mettre en place. Ces relais pourront faire remonter les attentes du terrain pour enrichir le d\u00e9bat public national. Nous sommes convaincus que c\u2019est en lib\u00e9rant les initiatives et en r\u00e9compensant le travail que nous construirons une France plus forte, plus riche et plus prosp\u00e8re. Le mot d\u2019ordre\u00a0: ne jamais se r\u00e9signer.\u00a0\u00bb<\/p>\n<p>Une dynamique ouverte<\/p>\n<p>Ouvert \u00e0 toutes et tous, l\u2019IDS Sud invite citoyens, acteurs \u00e9conomiques, associatifs et institutionnels \u00e0 rejoindre la d\u00e9marche. Sa vocation est \u00e9galement de valoriser la contribution de chacun \u00e0 la cr\u00e9ation de richesse et \u00e0 la coh\u00e9sion sociale, en donnant des cl\u00e9s de compr\u00e9hension accessibles \u00e0 tous.<\/p>\n<p>Le lancement du 7 octobre sera aussi l\u2019occasion pour Pierre Gattaz de d\u00e9dicacer son dernier ouvrage Gagnez plus, c\u2019est maintenant\u00a0!   et de donner le coup d\u2019envoi officiel d\u2019un r\u00e9seau territorial appel\u00e9 \u00e0 s\u2019\u00e9largir dans d\u2019autres r\u00e9gions.<\/p>\n","protected":false},"excerpt":{"rendered":"Le 7 octobre marquera le lancement officiel de l\u2019Institut des Solutions Sud (IDS Sud), premi\u00e8re d\u00e9clinaison r\u00e9gionale de&hellip;\n","protected":false},"author":2,"featured_media":438748,"comment_status":"","ping_status":"","sticky":false,"template":"","format":"standard","meta":{"footnotes":""},"categories":[2819],"tags":[1111,11,2408,1777,674,1011,27,12,2401,882,25],"class_list":{"0":"post-438747","1":"post","2":"type-post","3":"status-publish","4":"format-standard","5":"has-post-thumbnail","7":"category-nice","8":"tag-actu","9":"tag-actualites","10":"tag-appels-d","11":"tag-eu","12":"tag-europe","13":"tag-fr","14":"tag-france","15":"tag-news","16":"tag-nice","17":"tag-provence-alpes-cote-dazur","18":"tag-republique-francaise"},"share_on_mastodon":{"url":"https:\/\/pubeurope.com\/@fr\/115316247153937556","error":""},"_links":{"self":[{"href":"https:\/\/www.europesays.com\/fr\/wp-json\/wp\/v2\/posts\/438747","targetHints":{"allow":["GET"]}}],"collection":[{"href":"https:\/\/www.europesays.com\/fr\/wp-json\/wp\/v2\/posts"}],"about":[{"href":"https:\/\/www.europesays.com\/fr\/wp-json\/wp\/v2\/types\/post"}],"author":[{"embeddable":true,"href":"https:\/\/www.europesays.com\/fr\/wp-json\/wp\/v2\/users\/2"}],"replies":[{"embeddable":true,"href":"https:\/\/www.europesays.com\/fr\/wp-json\/wp\/v2\/comments?post=438747"}],"version-history":[{"count":0,"href":"https:\/\/www.europesays.com\/fr\/wp-json\/wp\/v2\/posts\/438747\/revisions"}],"wp:featuredmedia":[{"embeddable":true,"href":"https:\/\/www.europesays.com\/fr\/wp-json\/wp\/v2\/media\/438748"}],"wp:attachment":[{"href":"https:\/\/www.europesays.com\/fr\/wp-json\/wp\/v2\/media?parent=438747"}],"wp:term":[{"taxonomy":"category","embeddable":true,"href":"https:\/\/www.europesays.com\/fr\/wp-json\/wp\/v2\/categories?post=438747"},{"taxonomy":"post_tag","embeddable":true,"href":"https:\/\/www.europesays.com\/fr\/wp-json\/wp\/v2\/tags?post=438747"}],"curies":[{"name":"wp","href":"https:\/\/api.w.org\/{rel}","templated":true}]}}