{"id":438760,"date":"2025-10-04T14:03:25","date_gmt":"2025-10-04T14:03:25","guid":{"rendered":"https:\/\/www.europesays.com\/fr\/438760\/"},"modified":"2025-10-04T14:03:25","modified_gmt":"2025-10-04T14:03:25","slug":"toulouse-un-deplacement-qui-ne-reussit-pas-aux-toulousains","status":"publish","type":"post","link":"https:\/\/www.europesays.com\/fr\/438760\/","title":{"rendered":"Toulouse : un d\u00e9placement qui ne r\u00e9ussit pas aux Toulousains"},"content":{"rendered":"<p>                            <img width=\"770\" height=\"433\" src=\"https:\/\/www.europesays.com\/fr\/wp-content\/uploads\/2025\/10\/AFP__20250118__36UM7T6__v1__HighRes__FblFraLigue1LyonToulouse-770x433.jpg\" class=\"attachment-article size-article wp-post-image\" alt=\"Clinton Mata lors d'OL - Toulouse\" decoding=\"async\" fetchpriority=\"high\"  \/><\/p>\n<p>Clinton Mata lors d\u2019OL \u2013 Toulouse (Photo by JEAN-PHILIPPE KSIAZEK \/ AFP)<\/p>\n<p>En d\u00e9placement au Parc OL ce dimanche (15h), Toulouse vit avec cette mauvaise s\u00e9rie qui dure contre l\u2019OL. Les Violets n\u2019ont plus gagn\u00e9 \u00e0 Lyon depuis 1966, soit 59 ans.<\/p>\n<p>La question n\u2019est plus de savoir qui fera tomber l\u2019<strong>OL<\/strong>\u00a0pour la premi\u00e8re fois cette saison. En sup\u00e9riorit\u00e9 num\u00e9rique,\u00a0<strong>Rennes<\/strong>\u00a0avait r\u00e9ussi ce qui ressemble \u00e0 un exploit \u00e0 la mi-septembre. Seulement, le club breton est, \u00e0 ce jour, la seule formation qui a emp\u00each\u00e9 les Lyonnais de prendre trois points, mais aussi la seule \u00e0 avoir r\u00e9ussi \u00e0 faire sauter le verrou d\u00e9fensif avec trois buts en dix minutes. Sept autres \u00e9quipes ont tent\u00e9, mais se sont cass\u00e9es les dents sur\u00a0<a href=\"https:\/\/www.olympique-et-lyonnais.com\/ol-la-parole-est-a-la-defense-2,381796.html\" target=\"_blank\" rel=\"noopener\">la muraille rhodanienne<\/a>.\u00a0<strong>Toulouse<\/strong>\u00a0sera-t-il le deuxi\u00e8me club \u00e0 y parvenir dimanche (15h) ?<\/p>\n<p>Cinq d\u00e9faites lyonnaises en 45 matchs<\/p>\n<p>Les Violets l\u2019esp\u00e8rent forc\u00e9ment, mais ils ont aussi conscience que Lyon repr\u00e9sente une terre hostile. Pas seulement la saison pass\u00e9e, mais depuis des lustres. Historiquement, l\u2019<strong>OL\u00a0<\/strong>est ma\u00eetre de son royaume quand il s\u2019agit de recevoir le T\u00e9f\u00e9c\u00e9. Il faut remonter \u00e0 1966 pour trouver la trace d\u2019une victoire de l\u2019\u00e9quipe de la Ville Rose entre Rh\u00f4ne et Sa\u00f4ne. Cinquante-neuf ans \u00e0 manger leur pain noir et une s\u00e9rie dont les joueurs de Carles\u00a0<strong>Martinez Novell<\/strong>\u00a0comptent mettre fin.<\/p>\n<p>\t\t\t\t\t<a href=\"https:\/\/www.olympique-et-lyonnais.com\/ol-toulouse-fonseca-promet-des-changements,381827.html\" title=\"OL - Toulouse : Fonseca promet des changements\" target=\"_blank\" rel=\"noopener\"><img loading=\"lazy\" width=\"580\" height=\"326\" src=\"https:\/\/www.europesays.com\/fr\/wp-content\/uploads\/2025\/10\/Capture-decran-2025-04-11-062520-e1744345558545-580x326.jpg\" class=\"attachment-actularge size-actularge wp-post-image\" alt=\"Paulo Fonseca, entra\u00eeneur de l'OL contre Manchester United\" decoding=\"async\"  \/>\t\t\t\t\t<\/a><\/p>\n","protected":false},"excerpt":{"rendered":"Clinton Mata lors d\u2019OL \u2013 Toulouse (Photo by JEAN-PHILIPPE KSIAZEK \/ AFP) En d\u00e9placement au Parc OL ce&hellip;\n","protected":false},"author":2,"featured_media":438761,"comment_status":"","ping_status":"","sticky":false,"template":"","format":"standard","meta":{"footnotes":""},"categories":[2816],"tags":[1111,11,1777,674,1011,27,66,12,2680,241,978,25,2312],"class_list":{"0":"post-438760","1":"post","2":"type-post","3":"status-publish","4":"format-standard","5":"has-post-thumbnail","7":"category-toulouse","8":"tag-actu","9":"tag-actualites","10":"tag-eu","11":"tag-europe","12":"tag-fr","13":"tag-france","14":"tag-ligue-1","15":"tag-news","16":"tag-occitanie","17":"tag-ol","18":"tag-olympique-lyonnais","19":"tag-republique-francaise","20":"tag-toulouse"},"share_on_mastodon":{"url":"https:\/\/pubeurope.com\/@fr\/115316274894331332","error":""},"_links":{"self":[{"href":"https:\/\/www.europesays.com\/fr\/wp-json\/wp\/v2\/posts\/438760","targetHints":{"allow":["GET"]}}],"collection":[{"href":"https:\/\/www.europesays.com\/fr\/wp-json\/wp\/v2\/posts"}],"about":[{"href":"https:\/\/www.europesays.com\/fr\/wp-json\/wp\/v2\/types\/post"}],"author":[{"embeddable":true,"href":"https:\/\/www.europesays.com\/fr\/wp-json\/wp\/v2\/users\/2"}],"replies":[{"embeddable":true,"href":"https:\/\/www.europesays.com\/fr\/wp-json\/wp\/v2\/comments?post=438760"}],"version-history":[{"count":0,"href":"https:\/\/www.europesays.com\/fr\/wp-json\/wp\/v2\/posts\/438760\/revisions"}],"wp:featuredmedia":[{"embeddable":true,"href":"https:\/\/www.europesays.com\/fr\/wp-json\/wp\/v2\/media\/438761"}],"wp:attachment":[{"href":"https:\/\/www.europesays.com\/fr\/wp-json\/wp\/v2\/media?parent=438760"}],"wp:term":[{"taxonomy":"category","embeddable":true,"href":"https:\/\/www.europesays.com\/fr\/wp-json\/wp\/v2\/categories?post=438760"},{"taxonomy":"post_tag","embeddable":true,"href":"https:\/\/www.europesays.com\/fr\/wp-json\/wp\/v2\/tags?post=438760"}],"curies":[{"name":"wp","href":"https:\/\/api.w.org\/{rel}","templated":true}]}}