{"id":438770,"date":"2025-10-04T14:08:13","date_gmt":"2025-10-04T14:08:13","guid":{"rendered":"https:\/\/www.europesays.com\/fr\/438770\/"},"modified":"2025-10-04T14:08:13","modified_gmt":"2025-10-04T14:08:13","slug":"une-convention-inedite-pour-renforcer-leducation-a-la-citoyennete-des-jeunes-signee-a-la-nuit-du-droit","status":"publish","type":"post","link":"https:\/\/www.europesays.com\/fr\/438770\/","title":{"rendered":"une convention in\u00e9dite pour renforcer l\u2019\u00e9ducation \u00e0 la citoyennet\u00e9 des jeunes sign\u00e9e \u00e0 la Nuit du droit"},"content":{"rendered":"<p itemprop=\"description\"><strong>\u00c0 l\u2019occasion de la Nuit du droit 2025, organis\u00e9e jeudi \u00e0 la Facult\u00e9 de droit de l\u2019Universit\u00e9 Jean-Moulin Lyon 3, une convention de partenariat a \u00e9t\u00e9 sign\u00e9e entre l\u2019Acad\u00e9mie de Lyon, la Facult\u00e9 de droit et l\u2019association Parlons D\u00e9mocratie.<\/strong><\/p>\n<p>Objectif : donner aux jeunes les moyens de mieux comprendre le fonctionnement des institutions et de s\u2019engager activement dans la vie d\u00e9mocratique.<\/p>\n<p>La c\u00e9r\u00e9monie s\u2019est tenue dans le cadre du grand \u00e9v\u00e9nement national port\u00e9 par le Conseil constitutionnel, qui chaque ann\u00e9e c\u00e9l\u00e8bre la place du droit dans la soci\u00e9t\u00e9. \u00c0 Lyon, cette \u00e9dition a pris une dimension particuli\u00e8re avec cet accord tripartite, pr\u00e9sent\u00e9 comme un levier concret pour former les citoyens de demain.<\/p>\n<p>Le pr\u00e9sident de l\u2019Universit\u00e9 Jean-Moulin Lyon 3, Gilles Bonnet, a salu\u00e9 \u00ab\u00a0un partenariat qui illustre la mission d\u2019ouverture de notre universit\u00e9 sur la cit\u00e9 et son engagement dans la transmission des valeurs r\u00e9publicaines\u00a0\u00bb.<\/p>\n<p>Pour Anne Bisagni-Faure, rectrice de la r\u00e9gion acad\u00e9mique Auvergne-Rh\u00f4ne-Alpes, cette collaboration marque une \u00e9tape importante : \u00ab\u00a0Cette convention offre aux \u00e9l\u00e8ves des cl\u00e9s de compr\u00e9hension du monde institutionnel et renforce leur parcours citoyen\u00a0\u00bb.<\/p>\n<p>L\u2019association Parlons D\u00e9mocratie, pr\u00e9sid\u00e9e par Antoine Stephany, intervient depuis plusieurs ann\u00e9es dans les \u00e9tablissements scolaires pour organiser des ateliers de d\u00e9bats, des simulations parlementaires ou encore des rencontres avec des juristes et \u00e9lus. \u00ab\u00a0Pour faire vivre notre d\u00e9mocratie, nous devons donner aux jeunes les moyens de comprendre nos institutions et de d\u00e9battre, afin qu\u2019ils puissent exercer pleinement leur citoyennet\u00e9\u00a0\u00bb, souligne-t-il.<\/p>\n<p>Concr\u00e8tement, cette convention pr\u00e9voit la mise en place d\u2019actions p\u00e9dagogiques innovantes : ateliers autour du droit, simulations de proc\u00e8s, concours oratoires et accompagnement des enseignants dans l\u2019\u00e9ducation civique et juridique. L\u2019objectif est aussi de favoriser la compr\u00e9hension du droit, d\u2019encourager la participation active des lyc\u00e9ens et de susciter leur int\u00e9r\u00eat pour les m\u00e9tiers de la justice et du d\u00e9bat public.<\/p>\n<p>En signant cet accord, les trois partenaires entendent inscrire durablement la culture d\u00e9mocratique au c\u0153ur de la formation des jeunes du territoire lyonnais, dans un contexte o\u00f9 la participation civique appara\u00eet plus que jamais comme un enjeu essentiel.<\/p>\n","protected":false},"excerpt":{"rendered":"\u00c0 l\u2019occasion de la Nuit du droit 2025, organis\u00e9e jeudi \u00e0 la Facult\u00e9 de droit de l\u2019Universit\u00e9 Jean-Moulin&hellip;\n","protected":false},"author":2,"featured_media":438771,"comment_status":"","ping_status":"","sticky":false,"template":"","format":"standard","meta":{"footnotes":""},"categories":[1889],"tags":[1111,11,2813,2190,2430,1109,251,1112,2811,1777,674,118,1011,27,1922,1110,1114,2428,2810,12,241,316,25,2812,517,800],"class_list":{"0":"post-438770","1":"post","2":"type-post","3":"status-publish","4":"format-standard","5":"has-post-thumbnail","7":"category-lyon","8":"tag-actu","9":"tag-actualites","10":"tag-article","11":"tag-asvel","12":"tag-auvergne-rhone-alpes","13":"tag-breves","14":"tag-culture","15":"tag-depeches","16":"tag-economique","17":"tag-eu","18":"tag-europe","19":"tag-faits-divers","20":"tag-fr","21":"tag-france","22":"tag-info","23":"tag-informations","24":"tag-infos","25":"tag-lyon","26":"tag-lyonmag","27":"tag-news","28":"tag-ol","29":"tag-politique","30":"tag-republique-francaise","31":"tag-sociale","32":"tag-sport","33":"tag-transports"},"share_on_mastodon":{"url":"https:\/\/pubeurope.com\/@fr\/115316293891875925","error":""},"_links":{"self":[{"href":"https:\/\/www.europesays.com\/fr\/wp-json\/wp\/v2\/posts\/438770","targetHints":{"allow":["GET"]}}],"collection":[{"href":"https:\/\/www.europesays.com\/fr\/wp-json\/wp\/v2\/posts"}],"about":[{"href":"https:\/\/www.europesays.com\/fr\/wp-json\/wp\/v2\/types\/post"}],"author":[{"embeddable":true,"href":"https:\/\/www.europesays.com\/fr\/wp-json\/wp\/v2\/users\/2"}],"replies":[{"embeddable":true,"href":"https:\/\/www.europesays.com\/fr\/wp-json\/wp\/v2\/comments?post=438770"}],"version-history":[{"count":0,"href":"https:\/\/www.europesays.com\/fr\/wp-json\/wp\/v2\/posts\/438770\/revisions"}],"wp:featuredmedia":[{"embeddable":true,"href":"https:\/\/www.europesays.com\/fr\/wp-json\/wp\/v2\/media\/438771"}],"wp:attachment":[{"href":"https:\/\/www.europesays.com\/fr\/wp-json\/wp\/v2\/media?parent=438770"}],"wp:term":[{"taxonomy":"category","embeddable":true,"href":"https:\/\/www.europesays.com\/fr\/wp-json\/wp\/v2\/categories?post=438770"},{"taxonomy":"post_tag","embeddable":true,"href":"https:\/\/www.europesays.com\/fr\/wp-json\/wp\/v2\/tags?post=438770"}],"curies":[{"name":"wp","href":"https:\/\/api.w.org\/{rel}","templated":true}]}}