{"id":438793,"date":"2025-10-04T14:21:13","date_gmt":"2025-10-04T14:21:13","guid":{"rendered":"https:\/\/www.europesays.com\/fr\/438793\/"},"modified":"2025-10-04T14:21:13","modified_gmt":"2025-10-04T14:21:13","slug":"macron-denonce-la-naivete-de-leurope-face-aux-plateformes-sociales-americaines-et-chinoises","status":"publish","type":"post","link":"https:\/\/www.europesays.com\/fr\/438793\/","title":{"rendered":"Macron d\u00e9nonce la \u00ab na\u00efvet\u00e9 \u00bb de l\u2019Europe face aux plateformes sociales am\u00e9ricaines et chinoises"},"content":{"rendered":"<p>AA\/Paris <\/p>\n<p>Le pr\u00e9sident fran\u00e7ais Emmanuel Macron a d\u00e9clar\u00e9, lors d\u2019une c\u00e9r\u00e9monie marquant le 35e anniversaire de la r\u00e9unification de l\u2019Allemagne de l\u2019Est et de l\u2019Ouest \u00e0 Saarbr\u00fccken, que les Europ\u00e9ens avaient agi avec \u00ab na\u00efvet\u00e9 \u00bb en confiant leur espace d\u00e9mocratique aux plateformes de m\u00e9dias sociaux am\u00e9ricaines et chinoises.<\/p>\n<p>\u00ab Nous avons \u00e9t\u00e9 na\u00effs en confiant notre espace d\u00e9mocratique \u00e0 des plateformes contr\u00f4l\u00e9es par de grands entrepreneurs am\u00e9ricains ou des entreprises chinoises \u00bb, a affirm\u00e9 Macron, soulignant que le bon fonctionnement des d\u00e9mocraties europ\u00e9ennes n\u2019\u00e9tait pas une priorit\u00e9 pour ces acteurs.<\/p>\n<p>Il a d\u00e9nonc\u00e9 l\u2019exposition pr\u00e9coce des enfants aux contenus les plus n\u00e9fastes sur ces plateformes, liant directement l\u2019\u00e9mergence de troubles psychologiques et alimentaires chez les adolescents et les jeunes \u00e0 l\u2019essor des r\u00e9seaux sociaux.<\/p>\n<p>Macron a critiqu\u00e9 la conception de ces plateformes, qui, selon lui, \u00ab stoppe le raisonnement \u00bb en favorisant les \u00e9motions n\u00e9gatives au d\u00e9triment des positives, ce qui profite aux partis extr\u00e9mistes en Europe. \u00ab Nous avons permis la cr\u00e9ation d\u2019espaces publics o\u00f9 tout est con\u00e7u pour arr\u00eater la r\u00e9flexion \u00bb, a-t-il d\u00e9plor\u00e9.<\/p>\n<p>Il a appel\u00e9 les pays europ\u00e9ens \u00e0 reprendre le contr\u00f4le de leurs d\u00e9mocraties, avertissant que sans cela, l\u2019Europe risque de devenir, d\u2019ici dix ans, un continent domin\u00e9 par les th\u00e9oriciens du complot et les extr\u00e9mistes. <\/p>\n<p>En outre, Macron a exhort\u00e9 \u00e0 prot\u00e9ger les jeunes des d\u00e9rives des r\u00e9seaux sociaux. <\/p>\n<p>\u00ab Pas de personnes masqu\u00e9es, pas de faux comptes, pas d\u2019agendas artificiels. Assurons-nous que les m\u00eames r\u00e8gles s\u2019appliquent partout. Si vous dirigez un journal, vous \u00eates responsable de ce que vous publiez. Si vous g\u00e9rez un r\u00e9seau social, vous devez \u00eatre responsable de ce qui est publi\u00e9. Sinon, le racisme et l\u2019antis\u00e9mitisme triompheront sur notre continent \u00bb, a-t-il conclu.<\/p>\n<p>                            &#13;<br \/>\n                                <a href=\"https:\/\/www.aa.com.tr\/fr\/p\/abonnement\/1001\" target=\"_blank\" style=\"font-size:12px; color:#444; text-decoration:none;\" rel=\"noopener\">&#13;<br \/>\n                                    Seulement une partie des d\u00e9p\u00eaches, que l&rsquo;Agence Anadolu diffuse \u00e0 ses abonn\u00e9s via le Syst\u00e8me de Diffusion interne (HAS), est diffus\u00e9e sur le site de l&rsquo;AA, de mani\u00e8re r\u00e9sum\u00e9e. <b style=\"color:#1897F7\">Contactez-nous s&rsquo;il vous pla\u00eet pour vous abonner.<\/b>&#13;<br \/>\n                                <\/a>&#13;<\/p>\n","protected":false},"excerpt":{"rendered":"AA\/Paris Le pr\u00e9sident fran\u00e7ais Emmanuel Macron a d\u00e9clar\u00e9, lors d\u2019une c\u00e9r\u00e9monie marquant le 35e anniversaire de la r\u00e9unification&hellip;\n","protected":false},"author":2,"featured_media":438794,"comment_status":"","ping_status":"","sticky":false,"template":"","format":"standard","meta":{"footnotes":""},"categories":[1586],"tags":[11,56583,1785,7554,1777,674,1011,27,12,56584,25],"class_list":{"0":"post-438793","1":"post","2":"type-post","3":"status-publish","4":"format-standard","5":"has-post-thumbnail","7":"category-europe","8":"tag-actualites","9":"tag-amricaines","10":"tag-anadolu-ajansi","11":"tag-chinoises","12":"tag-eu","13":"tag-europe","14":"tag-fr","15":"tag-france","16":"tag-news","17":"tag-plateformes-sociales","18":"tag-republique-francaise"},"share_on_mastodon":{"url":"https:\/\/pubeurope.com\/@fr\/115316344999774744","error":""},"_links":{"self":[{"href":"https:\/\/www.europesays.com\/fr\/wp-json\/wp\/v2\/posts\/438793","targetHints":{"allow":["GET"]}}],"collection":[{"href":"https:\/\/www.europesays.com\/fr\/wp-json\/wp\/v2\/posts"}],"about":[{"href":"https:\/\/www.europesays.com\/fr\/wp-json\/wp\/v2\/types\/post"}],"author":[{"embeddable":true,"href":"https:\/\/www.europesays.com\/fr\/wp-json\/wp\/v2\/users\/2"}],"replies":[{"embeddable":true,"href":"https:\/\/www.europesays.com\/fr\/wp-json\/wp\/v2\/comments?post=438793"}],"version-history":[{"count":0,"href":"https:\/\/www.europesays.com\/fr\/wp-json\/wp\/v2\/posts\/438793\/revisions"}],"wp:featuredmedia":[{"embeddable":true,"href":"https:\/\/www.europesays.com\/fr\/wp-json\/wp\/v2\/media\/438794"}],"wp:attachment":[{"href":"https:\/\/www.europesays.com\/fr\/wp-json\/wp\/v2\/media?parent=438793"}],"wp:term":[{"taxonomy":"category","embeddable":true,"href":"https:\/\/www.europesays.com\/fr\/wp-json\/wp\/v2\/categories?post=438793"},{"taxonomy":"post_tag","embeddable":true,"href":"https:\/\/www.europesays.com\/fr\/wp-json\/wp\/v2\/tags?post=438793"}],"curies":[{"name":"wp","href":"https:\/\/api.w.org\/{rel}","templated":true}]}}