{"id":438797,"date":"2025-10-04T14:23:12","date_gmt":"2025-10-04T14:23:12","guid":{"rendered":"https:\/\/www.europesays.com\/fr\/438797\/"},"modified":"2025-10-04T14:23:12","modified_gmt":"2025-10-04T14:23:12","slug":"en-direct-gouvernement-lecornu-francois-rebsamen-annonce-quil-nen-fera-pas-partie","status":"publish","type":"post","link":"https:\/\/www.europesays.com\/fr\/438797\/","title":{"rendered":"EN DIRECT &#8211; Gouvernement Lecornu : Fran\u00e7ois Rebsamen annonce qu&rsquo;il n&rsquo;en fera pas partie"},"content":{"rendered":"<p>Rapha\u00ebl Glucksmann note que S\u00e9bastien Lecornu a rejet\u00e9 la taxe Zucman mais qu&rsquo;il \u00ab\u00a0n&rsquo;a pas formul\u00e9 de proposition claire\u00a0\u00bb en alternative. Il revient sur la \u00ab\u00a0taxe sur les holdings\u00a0\u00bb \u00e9voqu\u00e9e par le Premier ministre, \u00ab\u00a0dont on per\u00e7oit mal les contours\u00a0\u00bb, estime-t-il.<\/p>\n<p>La justice fiscale est une \u00ab\u00a0exigence de la soci\u00e9t\u00e9 fran\u00e7aise\u00a0\u00bb, estime l&rsquo;eurod\u00e9put\u00e9. Ce dernier d\u00e9nonce des \u00ab\u00a0syst\u00e8mes perfectionn\u00e9s d&rsquo;optimisation fiscale\u00a0\u00bb et souhaite \u00ab\u00a0mettre un terme \u00e0 cette injustice\u00a0\u00bb.<\/p>\n<p>Pour lui, cette position \u00ab\u00a0extr\u00eamement simple\u00a0\u00bb n&rsquo;est \u00ab\u00a0pas du gauchisme\u00a0\u00bb, mais consiste \u00e0 dire que \u00ab\u00a0si on demande un effort \u00e0 la nation, il doit commencer par celles et ceux qui ont le plus b\u00e9n\u00e9fici\u00e9 des huit derni\u00e8res ann\u00e9es, qui ont multipli\u00e9 leur fortune par deux et qui ne se sentent pas concern\u00e9s par l&rsquo;effort commun.\u00a0\u00bb Or selon lui, \u00ab\u00a0les propositions de S\u00e9bastien Lecornu ne permettent pas cela.\u00a0\u00bb<\/p>\n","protected":false},"excerpt":{"rendered":"Rapha\u00ebl Glucksmann note que S\u00e9bastien Lecornu a rejet\u00e9 la taxe Zucman mais qu&rsquo;il \u00ab\u00a0n&rsquo;a pas formul\u00e9 de proposition&hellip;\n","protected":false},"author":2,"featured_media":438798,"comment_status":"","ping_status":"","sticky":false,"template":"","format":"standard","meta":{"footnotes":""},"categories":[2],"tags":[1111,11,1921,1003,51130,1011,27,1922,1077,32356,4729,430,12,4393,3541,1078,25,11067,56585,133,4530],"class_list":{"0":"post-438797","1":"post","2":"type-post","3":"status-publish","4":"format-standard","5":"has-post-thumbnail","7":"category-actualites","8":"tag-actu","9":"tag-actualites","10":"tag-article-video","11":"tag-budget","12":"tag-budget-2026-quelle-nouvelle-feuille-de-route-apres-la-chute-de-bayrou","13":"tag-fr","14":"tag-france","15":"tag-info","16":"tag-jordan-bardella","17":"tag-les-ecologistes-eelv","18":"tag-marine-tondelier","19":"tag-marine-le-pen","20":"tag-news","21":"tag-olivier-faure","22":"tag-parti-socialiste","23":"tag-rassemblement-national","24":"tag-republique-francaise","25":"tag-sebastien-lecornu","26":"tag-un-nouveau-premier-ministre-sans-gouvernement","27":"tag-video","28":"tag-video-politique"},"share_on_mastodon":{"url":"https:\/\/pubeurope.com\/@fr\/115316352928032882","error":""},"_links":{"self":[{"href":"https:\/\/www.europesays.com\/fr\/wp-json\/wp\/v2\/posts\/438797","targetHints":{"allow":["GET"]}}],"collection":[{"href":"https:\/\/www.europesays.com\/fr\/wp-json\/wp\/v2\/posts"}],"about":[{"href":"https:\/\/www.europesays.com\/fr\/wp-json\/wp\/v2\/types\/post"}],"author":[{"embeddable":true,"href":"https:\/\/www.europesays.com\/fr\/wp-json\/wp\/v2\/users\/2"}],"replies":[{"embeddable":true,"href":"https:\/\/www.europesays.com\/fr\/wp-json\/wp\/v2\/comments?post=438797"}],"version-history":[{"count":0,"href":"https:\/\/www.europesays.com\/fr\/wp-json\/wp\/v2\/posts\/438797\/revisions"}],"wp:featuredmedia":[{"embeddable":true,"href":"https:\/\/www.europesays.com\/fr\/wp-json\/wp\/v2\/media\/438798"}],"wp:attachment":[{"href":"https:\/\/www.europesays.com\/fr\/wp-json\/wp\/v2\/media?parent=438797"}],"wp:term":[{"taxonomy":"category","embeddable":true,"href":"https:\/\/www.europesays.com\/fr\/wp-json\/wp\/v2\/categories?post=438797"},{"taxonomy":"post_tag","embeddable":true,"href":"https:\/\/www.europesays.com\/fr\/wp-json\/wp\/v2\/tags?post=438797"}],"curies":[{"name":"wp","href":"https:\/\/api.w.org\/{rel}","templated":true}]}}