{"id":438813,"date":"2025-10-04T14:34:10","date_gmt":"2025-10-04T14:34:10","guid":{"rendered":"https:\/\/www.europesays.com\/fr\/438813\/"},"modified":"2025-10-04T14:34:10","modified_gmt":"2025-10-04T14:34:10","slug":"al-ittihad-karim-benzema-detruit-la-rumeur-solari-foot-mercato","status":"publish","type":"post","link":"https:\/\/www.europesays.com\/fr\/438813\/","title":{"rendered":"Al-Ittihad : Karim Benzema d\u00e9truit la rumeur Solari ! &#8211; Foot Mercato"},"content":{"rendered":"<ol>\n<li><a href=\"https:\/\/news.google.com\/rss\/articles\/CBMinwFBVV95cUxOaldIU2NiNzdzUHBHU1NuUXVQZi11enl6elNMbFBrZW9rZ3FMMmJWdlp2ZGEzOEdlWmJuc19qc1pPajZ6TDgySloyVndORGg3aGo4eWFOM3RkV1kzdVUzdnFYQXE1SWNPSlBySS1qamUzV2NJS1ZIZkc2cUMzR3NETXRQczBFeHo2SXJ3d0FEdjRGdjRiT3pZalo1anpUVkU?oc=5\" target=\"_blank\" rel=\"nofollow noopener\">Al-Ittihad : Karim Benzema d\u00e9truit la rumeur Solari !<\/a>&nbsp;&nbsp;Foot Mercato<\/li>\n<li><a href=\"https:\/\/news.google.com\/rss\/articles\/CBMiwwFBVV95cUxNWEpyZTEyaXpZTDJtS0JvaUE4MFEyYjVmR1g1SFlVV3ZRX05uLXUzZFRuOU1zTFBQRWU5Y01wS2lMMXNaa1pqMHZDTzVQUTRnTHNTUFRZNE05RGd1cEhEVEo5WWV2bFoyakVJT2c5c3NjakIxeHNpVllrSWNiUGF6TzlYMHhLUnM4M0FIVzk0WW1FZmVPOEJYNXVSX3lmR1RybGJoOTFkSE1aLV93WXJ5WFRfS2lxV3kxZU5pY3pwcXNaWlHSAcIBQVVfeXFMTXAzZkNHZTJLSDVpaGJBaTdPTEJOUklQV3l2bncyZ3lFb0RacWRxcnpKbWctRUFqN2t0M3QxS1kzR254Q1FCVVRBQ1R1UXFYbm5SdF9scWJObUdLcmxpelRqeDRwbWM0YllmUlh6TFlpTHR3YWI3elpoSndGMmJfM3R0ZVc3RmJwdGZlVXRUdzBOUENLbmRUbW85VkV2YVBwYmZLNzdqdmRISHpaLUxKUmxJY0V3YTItbjlUOElUR2gwaUE?oc=5\" target=\"_blank\" rel=\"nofollow noopener\">Al-Ittihad : Benzema r\u00e9pond \u00e0 la rumeur Solari sur le banc<\/a>&nbsp;&nbsp;Orange Actualit\u00e9s | Sports<\/li>\n<li><a href=\"https:\/\/news.google.com\/rss\/articles\/CBMi6gFBVV95cUxPX2E1R3g3enV1V1dlcEhJTVVPVmp2c3JhNW9ZRHZjOEZodUpYd0UtYlN5NFFTWF9lcjdxWmE2WXlEVjNzcGJqVi1YblRYc1VyYlVhSUdDRl8wZUNCT3JpaHU4Z0pybDMyMzR1T1F0YWREVVdmMmpZYjdYOXZpMFFXSk5aeDJNemZBSUhHVFNZaURRZy02XzNvSWdSU0dyUzVZWXFGUTh0UDZ1cHp0X0V1RHJ0UGZXTHVOWlBDSEhRZ2NvMTNqVXZiUGNkMjJoUFk2cnpZbndPem1WTXUwSktUTTMzLVRrUDU0cHc?oc=5\" target=\"_blank\" rel=\"nofollow noopener\">Laurent Blanc limog\u00e9 : combien le champion du monde 98 a gagn\u00e9 lors de son (court) passage en Arabie saoudite<\/a>&nbsp;&nbsp;ladepeche.fr<\/li>\n<li><a href=\"https:\/\/news.google.com\/rss\/articles\/CBMi-AFBVV95cUxQeS05LXhTcmw3czJzVzBaREVRZGFEVDNTS0lUTjRpenNYWlE4UUFuQkljQkVrRThhb2t1anJCTDRwT3JRakNKSDl2TDZhdUt0cTFJejBadTI1WFo0SDM3Z3hFNlJaUjhsZE1OUFRvM2NxYVI0VjdnTFFFMlRaRGlQcm1WeF9TWko0QTg1SmJwS19LcHhZcldQUmlYY3hmQWZiUmNFZW41WmxhVjg3SXd1a1IzY1JIWUk2dkY2WHJRenlzWmh3aDFNTWpULXZjcmktVjdMZWF3QlpJdk01dlY4cVpaRU10SnBEYS1hZ0h3dWZkSzFINE9FXw?oc=5\" target=\"_blank\" rel=\"nofollow noopener\">Sergio Concei\u00e7ao en pole pour entra\u00eener Karim Benzema \u00e0 Al-Ittihad en Arabie saoudite ?<\/a>&nbsp;&nbsp;Ouest-France<\/li>\n<li><a href=\"https:\/\/news.google.com\/rss\/articles\/CBMiwAFBVV95cUxPY2w5T3M4TU1lOHNDS1dFOVpSYU01dHNWYVlseVo4eWZrOHdoZ0FzTXM4S3YxYWZQMHpEUGE2b3ZPOUdLTldxZzlMVmpMTVMzWDJxc0M1N2J1SUFmdGFuWjZsbGdTZ24wMUpWeFNETklYUGdaN0YwWEpRRGh1RHN1V2hKWExtbF9WTi1qREtrRWM4Qzh4b0hXZTdxXzlBakxUUGkxckJnMERmWUpNc1BvRjZwRXBxSWZTTFJZN0ZsLUY?oc=5\" target=\"_blank\" rel=\"nofollow noopener\">Apr\u00e8s le d\u00e9part de Laurent Blanc, Karim Benzema se l\u00e2che<\/a>&nbsp;&nbsp;Sports.fr<\/li>\n<\/ol>\n","protected":false},"excerpt":{"rendered":"Al-Ittihad : Karim Benzema d\u00e9truit la rumeur Solari !&nbsp;&nbsp;Foot Mercato Al-Ittihad : Benzema r\u00e9pond \u00e0 la rumeur Solari&hellip;\n","protected":false},"author":2,"featured_media":438814,"comment_status":"","ping_status":"","sticky":false,"template":"","format":"standard","meta":{"footnotes":""},"categories":[1410],"tags":[63,1011,27,60],"class_list":{"0":"post-438813","1":"post","2":"type-post","3":"status-publish","4":"format-standard","5":"has-post-thumbnail","7":"category-football","8":"tag-football","9":"tag-fr","10":"tag-france","11":"tag-sports"},"share_on_mastodon":{"url":"https:\/\/pubeurope.com\/@fr\/115316396110020790","error":""},"_links":{"self":[{"href":"https:\/\/www.europesays.com\/fr\/wp-json\/wp\/v2\/posts\/438813","targetHints":{"allow":["GET"]}}],"collection":[{"href":"https:\/\/www.europesays.com\/fr\/wp-json\/wp\/v2\/posts"}],"about":[{"href":"https:\/\/www.europesays.com\/fr\/wp-json\/wp\/v2\/types\/post"}],"author":[{"embeddable":true,"href":"https:\/\/www.europesays.com\/fr\/wp-json\/wp\/v2\/users\/2"}],"replies":[{"embeddable":true,"href":"https:\/\/www.europesays.com\/fr\/wp-json\/wp\/v2\/comments?post=438813"}],"version-history":[{"count":0,"href":"https:\/\/www.europesays.com\/fr\/wp-json\/wp\/v2\/posts\/438813\/revisions"}],"wp:featuredmedia":[{"embeddable":true,"href":"https:\/\/www.europesays.com\/fr\/wp-json\/wp\/v2\/media\/438814"}],"wp:attachment":[{"href":"https:\/\/www.europesays.com\/fr\/wp-json\/wp\/v2\/media?parent=438813"}],"wp:term":[{"taxonomy":"category","embeddable":true,"href":"https:\/\/www.europesays.com\/fr\/wp-json\/wp\/v2\/categories?post=438813"},{"taxonomy":"post_tag","embeddable":true,"href":"https:\/\/www.europesays.com\/fr\/wp-json\/wp\/v2\/tags?post=438813"}],"curies":[{"name":"wp","href":"https:\/\/api.w.org\/{rel}","templated":true}]}}