{"id":438817,"date":"2025-10-04T14:37:16","date_gmt":"2025-10-04T14:37:16","guid":{"rendered":"https:\/\/www.europesays.com\/fr\/438817\/"},"modified":"2025-10-04T14:37:16","modified_gmt":"2025-10-04T14:37:16","slug":"comment-peut-on-ecrire-autant-sur-une-maison-vide","status":"publish","type":"post","link":"https:\/\/www.europesays.com\/fr\/438817\/","title":{"rendered":"\u201cComment peut-on \u00e9crire autant sur une maison vide\u00a0?\u201d"},"content":{"rendered":"<p>      <img fetchpriority=\"high\" decoding=\"async\" class=\"mx-auto\" src=\"data:image\/svg+xml,%3Csvg%20xmlns%3D%27http%3A%2F%2Fwww.w3.org%2F2000%2Fsvg%27%20fill%3D%22%23e4e4e4%22%20viewBox%3D%270%200%20510%20340%27%20width%3D%22510%22%20height%3D%22340%22%3E%3Cpath%20d%3D%27M0%200h510v340H0z%27%2F%3E%3C%2Fsvg%3E\"  loading=\"eager\" width=\"510\" height=\"340\" data-oncrawl-image-size=\"510x340\" alt=\"Les \u00e9l\u00e8ves ont sept semaines pour lire les 14 livres en lice pour le prix. \"\/>      <\/p>\n<p class=\"latino-100m text-grey-600\">\n            Les \u00e9l\u00e8ves ont sept semaines pour lire les 14 livres en lice pour le prix. \u00a0HUGO RIBES POUR \u00ab\u00a0LE NOUVEL OBS\u00a0\u00bb        <\/p>\n<p>        Lire\u00a0plus\u00a0tard      <\/p>\n<p><a aria-label=\"Nous suivre sur Google News\" href=\"https:\/\/news.google.com\/publications\/CAAqBwgKMJe4nQkw3dFs?hl=fr&amp;gl=FR&amp;ceid=FR%3Afr\" target=\"_blank\" data-piano=\"Recircu_Series,Sous_date_publi,Nous_suivre_sur_google_news,1er_clic,action\" class=\"btn btn--small btn--tertiary btn--icon-only\" rel=\"nofollow noopener\"><\/p>\n<p>      Google Actualit\u00e9s<br \/>\n  <\/a><\/p>\n<p>  Partager<\/p>\n<p>        Facebook<\/p>\n<p>        Bluesky<\/p>\n<p>        E-mail<\/p>\n<p>        Copier le lien<\/p>\n<p>      Envoyer<\/p>\n<p>      S\u2019abonner pour lire    <\/p>\n<p class=\"latino-500b text-grey-600\">Pour aller plus loin<\/p>\n<p class=\"node__paragraphe antonia-750r text-grey-800 pb-24 pb-md-32\">\nLoin des salons feutr\u00e9s de chez Drouant o\u00f9 les acad\u00e9miciens Goncourt se r\u00e9unissent chaque ann\u00e9e pour \u00e9lire leur laur\u00e9at, d\u2019autres jur\u00e9s tiennent entre leurs mains le destin d\u2019une poign\u00e9e d\u2019\u00e9crivains. Ils portent des joggings, des jeans et des sweats \u00e0 capuches. Et ne d\u00e9jeunent certainement pas de tourte de perdreaux, contrairement \u00e0 leurs illustres a\u00een\u00e9s \u2013 \u00e0 moins que les cantines scolaires aient bien chang\u00e9. Devant la porte du CDR (Centre de Documentation et de Recherches) du tr\u00e8s moderne et lumineux lyc\u00e9e Docteur Charles-M\u00e9rieux \u00e0 Lyon, ils sont une quinzaine \u00e0 patienter sagement. Tous des \u00e9l\u00e8ves de terminale HLP (humanit\u00e9s, litt\u00e9rature, philosophie), qui participent cette ann\u00e9e au Goncourt des lyc\u00e9ens.<\/p>\n<p class=\"node__paragraphe antonia-750r text-grey-800 pb-8\">\nC\u2019est d\u00e9j\u00e0 la 38\u1d49 \u00e9dition de ce prix imagin\u00e9 par un professeur et une libraire de Rennes, puis organis\u00e9 par la Fnac et le minist\u00e8re de l\u2019Education nationale. Une r\u00e9compense tr\u00e8s prescriptrice, non entach\u00e9e de soup\u00e7ons de connivence ou de conflits d\u2019int\u00e9r\u00eats, et ch\u00e8re aux auteurs et autrices, qui von\u2026<\/p>\n<p class=\"latino-100m text-blue-400\">Article r\u00e9serv\u00e9 aux abonn\u00e9s.<\/p>\n<p>          Se connecter<\/p>\n<p class=\"text-center antonia-1850c\" style=\"margin-bottom:4px;\">Envie de lire la suite ?<\/p>\n<p class=\"text-center antonia-800c pb-16\">Tous nos articles en int\u00e9gralit\u00e9 d\u00e8s\u00a01\u20ac<\/p>\n<p>        S&rsquo;abonner<\/p>\n<p class=\"text-grey-700 or\">ou<\/p>\n<p>            <img width=\"164\" height=\"20\" src=\"data:image\/svg+xml,%3Csvg%20xmlns%3D%27http%3A%2F%2Fwww.w3.org%2F2000%2Fsvg%27%20fill%3D%22%23e4e4e4%22%20viewBox%3D%270%200%20282%2054%27%20width%3D%22282%22%20height%3D%2254%22%3E%3Cpath%20d%3D%27M0%200h282v54H0z%27%2F%3E%3C%2Fsvg%3E\"  class=\"js-swg-placeholder\" alt=\"Subscribe with Google\" loading=\"lazy\" decoding=\"async\"\/><\/p>\n<p>          D\u00e9couvrir toutes nos offres<\/p>\n","protected":false},"excerpt":{"rendered":"Les \u00e9l\u00e8ves ont sept semaines pour lire les 14 livres en lice pour le prix. \u00a0HUGO RIBES POUR&hellip;\n","protected":false},"author":2,"featured_media":438818,"comment_status":"","ping_status":"","sticky":false,"template":"","format":"standard","meta":{"footnotes":""},"categories":[1357],"tags":[17,6473,1379,58,31353,59,1011,27,51438,4074,10066,1380,15387,2142,17045,22331],"class_list":{"0":"post-438817","1":"post","2":"type-post","3":"status-publish","4":"format-standard","5":"has-post-thumbnail","7":"category-livres","8":"tag-17","9":"tag-bibliobs","10":"tag-books","11":"tag-divertissement","12":"tag-ecrire","13":"tag-entertainment","14":"tag-fr","15":"tag-france","16":"tag-goncourt","17":"tag-jeunes","18":"tag-lecteurs","19":"tag-livres","20":"tag-lyceens","21":"tag-maison","22":"tag-prix-litteraires","23":"tag-voteront"},"share_on_mastodon":{"url":"https:\/\/pubeurope.com\/@fr\/115316407936010947","error":""},"_links":{"self":[{"href":"https:\/\/www.europesays.com\/fr\/wp-json\/wp\/v2\/posts\/438817","targetHints":{"allow":["GET"]}}],"collection":[{"href":"https:\/\/www.europesays.com\/fr\/wp-json\/wp\/v2\/posts"}],"about":[{"href":"https:\/\/www.europesays.com\/fr\/wp-json\/wp\/v2\/types\/post"}],"author":[{"embeddable":true,"href":"https:\/\/www.europesays.com\/fr\/wp-json\/wp\/v2\/users\/2"}],"replies":[{"embeddable":true,"href":"https:\/\/www.europesays.com\/fr\/wp-json\/wp\/v2\/comments?post=438817"}],"version-history":[{"count":0,"href":"https:\/\/www.europesays.com\/fr\/wp-json\/wp\/v2\/posts\/438817\/revisions"}],"wp:featuredmedia":[{"embeddable":true,"href":"https:\/\/www.europesays.com\/fr\/wp-json\/wp\/v2\/media\/438818"}],"wp:attachment":[{"href":"https:\/\/www.europesays.com\/fr\/wp-json\/wp\/v2\/media?parent=438817"}],"wp:term":[{"taxonomy":"category","embeddable":true,"href":"https:\/\/www.europesays.com\/fr\/wp-json\/wp\/v2\/categories?post=438817"},{"taxonomy":"post_tag","embeddable":true,"href":"https:\/\/www.europesays.com\/fr\/wp-json\/wp\/v2\/tags?post=438817"}],"curies":[{"name":"wp","href":"https:\/\/api.w.org\/{rel}","templated":true}]}}