{"id":438819,"date":"2025-10-04T14:38:45","date_gmt":"2025-10-04T14:38:45","guid":{"rendered":"https:\/\/www.europesays.com\/fr\/438819\/"},"modified":"2025-10-04T14:38:45","modified_gmt":"2025-10-04T14:38:45","slug":"nouvelle-serie-les-sentinelles-canal-met-les-moyens","status":"publish","type":"post","link":"https:\/\/www.europesays.com\/fr\/438819\/","title":{"rendered":"Nouvelle s\u00e9rie Les Sentinelles, Canal+ met les moyens"},"content":{"rendered":"<p>Inspir\u00e9e de la s\u00e9rie de BD franco\u2011belge \u00e9ponyme de 2009\u00a0sign\u00e9e Xavier Dorison et Enrique Brecia, et\u00a0premi\u00e8re s\u00e9rie Canal+ \u00e0 \u00eatre diffus\u00e9e en simultan\u00e9 en France et dans d\u2019autres pays, Les\u00a0Sentinelles\u00a0est disponible depuis\u00a0aujourd&rsquo;hui.<\/p>\n<p>\u00a0<\/p>\n<p>Alors que vaut cette nouvelle production fran\u00e7aise m\u00ealant reconstitution historique et fantastique, dot\u00e9e de r\u00e9elles ambitions et qui s\u2019en donnent les moyens\u00a0? R\u00e9ponse en cliquant sur\u00a0<a href=\"https:\/\/www.avcesar.com\/critique\/les-sentinelles-7009\" target=\"_blank\" rel=\"noopener\">Les\u00a0Sentinelles<\/a>.<\/p>\n<p>                        <a class=\"stdButton\" href=\"https:\/\/www.amazon.fr\/dp\/B08QRYXP82?tag=avcesarcom-21&amp;linkCode=osi&amp;th=1&amp;psc=1\" target=\"_blank\" rel=\"noopener\">acheter<\/a><\/p>\n<p>Paris Police 1900<\/p>\n","protected":false},"excerpt":{"rendered":"Inspir\u00e9e de la s\u00e9rie de BD franco\u2011belge \u00e9ponyme de 2009\u00a0sign\u00e9e Xavier Dorison et Enrique Brecia, et\u00a0premi\u00e8re s\u00e9rie Canal+&hellip;\n","protected":false},"author":2,"featured_media":438820,"comment_status":"","ping_status":"","sticky":false,"template":"","format":"standard","meta":{"footnotes":""},"categories":[1356],"tags":[9993,10474,7257,58,59,9393,1011,27,56587,1146,56588,521,252,1364],"class_list":{"0":"post-438819","1":"post","2":"type-post","3":"status-publish","4":"format-standard","5":"has-post-thumbnail","7":"category-television","8":"tag-bd","9":"tag-canal","10":"tag-critique","11":"tag-divertissement","12":"tag-entertainment","13":"tag-fantastique","14":"tag-fr","15":"tag-france","16":"tag-gabriel-ferraud","17":"tag-guerre","18":"tag-les-sentinelles","19":"tag-serie","20":"tag-television","21":"tag-tv"},"share_on_mastodon":{"url":"https:\/\/pubeurope.com\/@fr\/115316411852288256","error":""},"_links":{"self":[{"href":"https:\/\/www.europesays.com\/fr\/wp-json\/wp\/v2\/posts\/438819","targetHints":{"allow":["GET"]}}],"collection":[{"href":"https:\/\/www.europesays.com\/fr\/wp-json\/wp\/v2\/posts"}],"about":[{"href":"https:\/\/www.europesays.com\/fr\/wp-json\/wp\/v2\/types\/post"}],"author":[{"embeddable":true,"href":"https:\/\/www.europesays.com\/fr\/wp-json\/wp\/v2\/users\/2"}],"replies":[{"embeddable":true,"href":"https:\/\/www.europesays.com\/fr\/wp-json\/wp\/v2\/comments?post=438819"}],"version-history":[{"count":0,"href":"https:\/\/www.europesays.com\/fr\/wp-json\/wp\/v2\/posts\/438819\/revisions"}],"wp:featuredmedia":[{"embeddable":true,"href":"https:\/\/www.europesays.com\/fr\/wp-json\/wp\/v2\/media\/438820"}],"wp:attachment":[{"href":"https:\/\/www.europesays.com\/fr\/wp-json\/wp\/v2\/media?parent=438819"}],"wp:term":[{"taxonomy":"category","embeddable":true,"href":"https:\/\/www.europesays.com\/fr\/wp-json\/wp\/v2\/categories?post=438819"},{"taxonomy":"post_tag","embeddable":true,"href":"https:\/\/www.europesays.com\/fr\/wp-json\/wp\/v2\/tags?post=438819"}],"curies":[{"name":"wp","href":"https:\/\/api.w.org\/{rel}","templated":true}]}}