{"id":438827,"date":"2025-10-04T14:44:12","date_gmt":"2025-10-04T14:44:12","guid":{"rendered":"https:\/\/www.europesays.com\/fr\/438827\/"},"modified":"2025-10-04T14:44:12","modified_gmt":"2025-10-04T14:44:12","slug":"de-nouvelles-affiches-epiques-devoilees-avant-la-sortie-au-cinema-de-la-partie-un-du-deuxieme-volet","status":"publish","type":"post","link":"https:\/\/www.europesays.com\/fr\/438827\/","title":{"rendered":"De nouvelles affiches \u00e9piques d\u00e9voil\u00e9es avant la sortie au cin\u00e9ma de la partie un du deuxi\u00e8me volet"},"content":{"rendered":"<p> \u00abLa patience est un plat qui se mange sans sauce\u00a0\u00bb, disait Perceval dans le premier film <a href=\"https:\/\/www.20minutes.fr\/arts-stars\/cinema\/kaamelott\/\" class=\"c-link c-link--is-underlined\" target=\"_blank\" rel=\"noopener\">Kaamelott<\/a>. Les fans pourront \u00eatre rassasi\u00e9s\u00a0: de nouvelles affiches de la premi\u00e8re partie du deuxi\u00e8me volet de la saga viennent d\u2019\u00eatre d\u00e9voil\u00e9es, alors que le long m\u00e9trage est <a href=\"https:\/\/www.20minutes.fr\/dossier\/sorties_cinema\" class=\"c-link c-link--is-underlined\" target=\"_blank\" rel=\"noopener\">attendu en salles<\/a> le 22\u00a0octobre prochain.<\/p>\n<p>Une s\u00e9rie de posters, \u00e0 la tonalit\u00e9 \u00e9pique, pr\u00e9sentent les personnages qui appara\u00eetront dans le nouveau film d\u2019<a href=\"https:\/\/www.20minutes.fr\/dossier\/alexandre_astier\" class=\"c-link c-link--is-underlined\" target=\"_blank\" rel=\"noopener\">Alexandre Astier<\/a>. Poses, police d\u2019\u00e9criture, costumes\u2026 Les bellig\u00e9rants de l\u2019adaptation cin\u00e9matographique de la s\u00e9rie \u00e0 succ\u00e8s semblent pr\u00eats \u00e0 en d\u00e9coudre\u00a0!<\/p>\n<\/p>\n<p>De nouveaux personnages\u2026 Et une absence<\/p>\n<p>Les fans retrouveront les personnages fondateurs\u00a0: Arthur Pendragon, incarn\u00e9 \u00e9videmment par Alexandre Astier par le r\u00e9alisateur, mais aussi L\u00e9odagan de Carm\u00e9lide, jou\u00e9 par Lionnel Astier, Anne Girouard et <a href=\"https:\/\/www.20minutes.fr\/arts-stars\/people\/audrey-fleurot\/\" class=\"c-link c-link--is-underlined\" target=\"_blank\" rel=\"noopener\">Audrey Fleurot,<\/a> reprenant leurs r\u00f4les de Gueni\u00e8vre et de la Dame du lac.<\/p>\n<p class=\"mb-xxl@xs color-ultramarine font-weight-semi-bold@xs font-source-serif-pro heading-s@xs\">L\u2019acc\u00e8s \u00e0 ce contenu a \u00e9t\u00e9 bloqu\u00e9 afin de respecter votre choix de consentement<\/p>\n<p class=\"mb-m@xs text-l@xs\">En cliquant sur\u00ab J\u2019accepte \u00bb, vous acceptez le d\u00e9p\u00f4t de cookies par des services externes et aurez ainsi acc\u00e8s aux contenus de nos partenaires.<\/p>\n<p class=\"mb-xl@xs text-s@xs\">Plus d\u2019informations sur la page<a href=\"https:\/\/www.20minutes.fr\/gestion-cookies\" class=\"mx-xxs@xs color-ultramarine\" target=\"_blank\" rel=\"noopener\">Politique de gestion des cookies<\/a><\/p>\n<p>J\u2019accepte<\/p>\n<p>Jean-Christophe Hembert reste Karadoc de Vannes, mais il manquera une partie de son duo comique. En effet, Perceval, incarn\u00e9 Franck Pitiot, n\u2019a pas d\u2019affiche d\u00e9di\u00e9e et n\u2019appara\u00eet pas dans les premi\u00e8res images du film d\u00e9voil\u00e9es r\u00e9cemment.<\/p>\n<p>On d\u00e9couvre cependant de nouveaux personnages, \u00e0 l\u2019instar de Virginie Ledoyen, qui incarnera Anna de Tintagel, Redouane Bougheraba qui sera un d\u00e9nomm\u00e9 Silas ou encore l\u2019humoriste Haroun qui joue le r\u00f4le de Casparzh.<\/p>\n<p>Une bande-annonce d\u00e9voil\u00e9e<\/p>\n<p>Mardi, une bande-annonce est sortie, r\u00e9v\u00e9lant les premi\u00e8res images du film. \u00ab\u00a0Les dieux sont en col\u00e8re contre Arthur, souligne le synopsis. Apr\u00e8s la destruction de Kaamelott, son refus obstin\u00e9 de tuer Lancelot pr\u00e9cipite le Royaume de Logres \u00e0 sa perte. Il r\u00e9unit ses Chevaliers, novices t\u00e9m\u00e9raires et v\u00e9t\u00e9rans d\u00e9sabus\u00e9s, autour de la Nouvelle Table Ronde et les envoie prouver leur valeur aux quatre coins du Monde, des Marais Orcaniens aux terres glac\u00e9es du Dragon Opalescent.\u00a0\u00bb De quoi r\u00e9jouir les amateurs de la s\u00e9rie, qui retrouveront les ressorts comiques de la s\u00e9rie.<\/p>\n<p class=\"mb-xxl@xs color-ultramarine font-weight-semi-bold@xs font-source-serif-pro heading-s@xs\">L\u2019acc\u00e8s \u00e0 ce contenu a \u00e9t\u00e9 bloqu\u00e9 afin de respecter votre choix de consentement<\/p>\n<p class=\"mb-m@xs text-l@xs\">En cliquant sur\u00ab J\u2019accepte \u00bb, vous acceptez le d\u00e9p\u00f4t de cookies par des services externes et aurez ainsi acc\u00e8s aux contenus de nos partenaires.<\/p>\n<p class=\"mb-xl@xs text-s@xs\">Plus d\u2019informations sur la page<a href=\"https:\/\/www.20minutes.fr\/gestion-cookies\" class=\"mx-xxs@xs color-ultramarine\" target=\"_blank\" rel=\"noopener\">Politique de gestion des cookies<\/a><\/p>\n<p>J\u2019accepte<\/p>\n<p>Pour avoir la suite, les fans devront \u00eatre patients. La partie\u00a0II de ce deuxi\u00e8me volet sortira en novembre\u00a02026.<\/p>\n","protected":false},"excerpt":{"rendered":"\u00abLa patience est un plat qui se mange sans sauce\u00a0\u00bb, disait Perceval dans le premier film Kaamelott. Les&hellip;\n","protected":false},"author":2,"featured_media":438828,"comment_status":"","ping_status":"","sticky":false,"template":"","format":"standard","meta":{"footnotes":""},"categories":[8],"tags":[253,14989,650,58,59,2081,1011,27,41019,7407,6517],"class_list":{"0":"post-438827","1":"post","2":"type-post","3":"status-publish","4":"format-standard","5":"has-post-thumbnail","7":"category-divertissement","8":"tag-acteur","9":"tag-alexandre-astier","10":"tag-cinema","11":"tag-divertissement","12":"tag-entertainment","13":"tag-film","14":"tag-fr","15":"tag-france","16":"tag-kaamelott","17":"tag-salles-de-cinema","18":"tag-sorties-cinema"},"share_on_mastodon":{"url":"https:\/\/pubeurope.com\/@fr\/115316435511028284","error":""},"_links":{"self":[{"href":"https:\/\/www.europesays.com\/fr\/wp-json\/wp\/v2\/posts\/438827","targetHints":{"allow":["GET"]}}],"collection":[{"href":"https:\/\/www.europesays.com\/fr\/wp-json\/wp\/v2\/posts"}],"about":[{"href":"https:\/\/www.europesays.com\/fr\/wp-json\/wp\/v2\/types\/post"}],"author":[{"embeddable":true,"href":"https:\/\/www.europesays.com\/fr\/wp-json\/wp\/v2\/users\/2"}],"replies":[{"embeddable":true,"href":"https:\/\/www.europesays.com\/fr\/wp-json\/wp\/v2\/comments?post=438827"}],"version-history":[{"count":0,"href":"https:\/\/www.europesays.com\/fr\/wp-json\/wp\/v2\/posts\/438827\/revisions"}],"wp:featuredmedia":[{"embeddable":true,"href":"https:\/\/www.europesays.com\/fr\/wp-json\/wp\/v2\/media\/438828"}],"wp:attachment":[{"href":"https:\/\/www.europesays.com\/fr\/wp-json\/wp\/v2\/media?parent=438827"}],"wp:term":[{"taxonomy":"category","embeddable":true,"href":"https:\/\/www.europesays.com\/fr\/wp-json\/wp\/v2\/categories?post=438827"},{"taxonomy":"post_tag","embeddable":true,"href":"https:\/\/www.europesays.com\/fr\/wp-json\/wp\/v2\/tags?post=438827"}],"curies":[{"name":"wp","href":"https:\/\/api.w.org\/{rel}","templated":true}]}}