{"id":438848,"date":"2025-10-04T14:59:09","date_gmt":"2025-10-04T14:59:09","guid":{"rendered":"https:\/\/www.europesays.com\/fr\/438848\/"},"modified":"2025-10-04T14:59:09","modified_gmt":"2025-10-04T14:59:09","slug":"seine-maritime-de-nombreuses-chutes-darbres-perturbent-ou-ont-perturbe-la-circulation","status":"publish","type":"post","link":"https:\/\/www.europesays.com\/fr\/438848\/","title":{"rendered":"Seine-Maritime. De nombreuses chutes d&rsquo;arbres perturbent ou ont perturb\u00e9 la circulation"},"content":{"rendered":"<p melodystyle=\"texte\">Ce samedi 4\u00a0octobre,<a href=\"https:\/\/www.lecourriercauchois.fr\/actualite-390023-pres-de-bolbec-coupure-d-electricite-dans-ce-village-enedis-est-sur-place\" target=\"_blank\" rel=\"nofollow noopener\"> la temp\u00eate Amy s\u00e9vit sur le d\u00e9partement de la Seine-Maritime <\/a>avec notamment de fortes rafales de vent. Ces derni\u00e8res causent de nombreux probl\u00e8mes \u00e0 commencer par des chutes d&rsquo;arbres qui perturbent la circulation. On fait le point.<\/p>\n<p>La Frenaye<\/p>\n<p melodystyle=\"texte\">Comme l&rsquo;indique le groupe Facebook Info Trafic Le\u00a0Havre, un arbre s&rsquo;est couch\u00e9 sur la rue de la Boissi\u00e8re \u00e0 La Frenaye.<\/p>\n<p melodystyle=\"textnoprint\">\n<p>Gommerville<\/p>\n<p melodystyle=\"texte\">Sur la route du Ch\u00e2teau de Fili\u00e8res en direction de\u00a0Saint-Gilles-de-la-Neuville. L&rsquo;arbre a \u00e9t\u00e9 enlev\u00e9 de la route mais certains arbres ont \u00e9t\u00e9 fragilis\u00e9s donc prudence.<\/p>\n<p melodystyle=\"textnoprint\">\n<p>Saint-Vigor-d&rsquo;Ymonville<\/p>\n<p melodystyle=\"texte\">Pareil sur la commune de Saint-Vigor-d&rsquo;Ymonville, route des convois. L&rsquo;arbre a \u00e9t\u00e9 enlev\u00e9.<\/p>\n<p melodystyle=\"textnoprint\">\n<p>Villers-Ecalles<\/p>\n<p melodystyle=\"texte\">Dans la commune, un arbre fait obstacle sur la route de Duclair au niveau du pont.<\/p>\n","protected":false},"excerpt":{"rendered":"Ce samedi 4\u00a0octobre, la temp\u00eate Amy s\u00e9vit sur le d\u00e9partement de la Seine-Maritime avec notamment de fortes rafales&hellip;\n","protected":false},"author":2,"featured_media":438849,"comment_status":"","ping_status":"","sticky":false,"template":"","format":"standard","meta":{"footnotes":""},"categories":[9587],"tags":[1111,11,1777,674,1011,27,12,5161,25,9590],"class_list":{"0":"post-438848","1":"post","2":"type-post","3":"status-publish","4":"format-standard","5":"has-post-thumbnail","7":"category-rouen","8":"tag-actu","9":"tag-actualites","10":"tag-eu","11":"tag-europe","12":"tag-fr","13":"tag-france","14":"tag-news","15":"tag-normandie","16":"tag-republique-francaise","17":"tag-rouen"},"share_on_mastodon":{"url":"https:\/\/pubeurope.com\/@fr\/115316494506433711","error":""},"_links":{"self":[{"href":"https:\/\/www.europesays.com\/fr\/wp-json\/wp\/v2\/posts\/438848","targetHints":{"allow":["GET"]}}],"collection":[{"href":"https:\/\/www.europesays.com\/fr\/wp-json\/wp\/v2\/posts"}],"about":[{"href":"https:\/\/www.europesays.com\/fr\/wp-json\/wp\/v2\/types\/post"}],"author":[{"embeddable":true,"href":"https:\/\/www.europesays.com\/fr\/wp-json\/wp\/v2\/users\/2"}],"replies":[{"embeddable":true,"href":"https:\/\/www.europesays.com\/fr\/wp-json\/wp\/v2\/comments?post=438848"}],"version-history":[{"count":0,"href":"https:\/\/www.europesays.com\/fr\/wp-json\/wp\/v2\/posts\/438848\/revisions"}],"wp:featuredmedia":[{"embeddable":true,"href":"https:\/\/www.europesays.com\/fr\/wp-json\/wp\/v2\/media\/438849"}],"wp:attachment":[{"href":"https:\/\/www.europesays.com\/fr\/wp-json\/wp\/v2\/media?parent=438848"}],"wp:term":[{"taxonomy":"category","embeddable":true,"href":"https:\/\/www.europesays.com\/fr\/wp-json\/wp\/v2\/categories?post=438848"},{"taxonomy":"post_tag","embeddable":true,"href":"https:\/\/www.europesays.com\/fr\/wp-json\/wp\/v2\/tags?post=438848"}],"curies":[{"name":"wp","href":"https:\/\/api.w.org\/{rel}","templated":true}]}}