{"id":438850,"date":"2025-10-04T15:00:11","date_gmt":"2025-10-04T15:00:11","guid":{"rendered":"https:\/\/www.europesays.com\/fr\/438850\/"},"modified":"2025-10-04T15:00:11","modified_gmt":"2025-10-04T15:00:11","slug":"lopera-de-verdi-a-decouvrir-en-direct-le-samedi-4-octobre","status":"publish","type":"post","link":"https:\/\/www.europesays.com\/fr\/438850\/","title":{"rendered":"l\u2019op\u00e9ra de Verdi \u00e0 d\u00e9couvrir en direct le samedi 4 octobre"},"content":{"rendered":"<p class=\"article__intro\">C\u2019est l\u2019un des op\u00e9ras les plus jou\u00e9s au monde ! La Traviata de Verdi nous raconte le destin de Violetta, une courtisane qui va renoncer \u00e0 son amour pour respecter la biens\u00e9ance bourgeoise. Une histoire vraie, qui \u00e9meut toujours autant. L\u2019op\u00e9ra de Rouen Normandie en a fait son spectacle de rentr\u00e9e, il est diffus\u00e9 en direct sur une trentaine d\u2019\u00e9crans en Normandie et sur nos r\u00e9seaux sociaux.<\/p>\n<p>\n      L\u2019actu des r\u00e9gions\n    <\/p>\n<p>\n      Chaque jour, un tour d\u2019horizon des principales infos de toutes les r\u00e9gions.\n    <\/p>\n<p>    France T\u00e9l\u00e9visions utilise votre adresse e-mail afin de vous envoyer la newsletter \u00ab\u00a0L\u2019actu des r\u00e9gions\u00a0\u00bb. Vous pouvez vous d\u00e9sinscrire \u00e0 tout moment via le lien en bas de cette newsletter. <a target=\"_blank\" href=\"https:\/\/www.francetelevisions.fr\/groupe\/confidentialite\/politique-de-confidentialite\/politique-de-confidentialite-de-france-televisions-6503\" rel=\"nofollow noopener\">Notre politique de confidentialit\u00e9<\/a><\/p>\n<p>Les films Pretty Woman ou encore Moulin Rouge s\u2019en inspirent, il s\u2019agit de la Traviata de Verdi. L\u2019op\u00e9ra raconte une histoire vraie, celle d\u2019une courtisane rejet\u00e9e par la soci\u00e9t\u00e9 bourgeoise. Cette \u0153uvre a toujours autant de succ\u00e8s.<\/p>\n<p><a href=\"https:\/\/youtu.be\/653uI0lROhI?si=Aryk8IMwyBmUSg5T\" target=\"_blank\" rel=\"noopener nofollow\">L\u2019op\u00e9ra de Rouen Normandie reprend la cr\u00e9ation propos\u00e9e par Jean-Fran\u00e7ois Sivadier<\/a>, au Festival d\u2019Aix-en-Provence en 2011. C\u2019est une mise-en-sc\u00e8ne inspir\u00e9e du th\u00e9\u00e2tre, d\u2019ailleurs les spectateurs s\u2019installent alors que des chanteurs vaquent sur la sc\u00e8ne, rideau ouvert. La fronti\u00e8re entre la salle et le plateau est gomm\u00e9e.<\/p>\n<p>Pour cette reprise, la soprano am\u00e9ricaine<a href=\"https:\/\/youtu.be\/Rilagdb2f-M?si=JxA2KKgLa6svV4e-\" target=\"_blank\" rel=\"noopener nofollow\"> Chelsea Lehnea interpr\u00e8te Violetta, c\u2019\u00e9tait un r\u00eave pour elle<\/a>. Elle est aux c\u00f4t\u00e9s du t\u00e9nor mexicain Leonardo Sanchez, c\u2019est sa sixi\u00e8me Traviata, mais il d\u00e9couvre toujours quelque chose.<\/p>\n<p>Pour la 8\u1d49 fois, l\u2019op\u00e9ra de Rouen Normandie offre son spectacle de rentr\u00e9e au plus grand nombre. Il sera diffus\u00e9 en direct sur une trentaine d\u2019\u00e9crans normands, notamment dans les cin\u00e9mas de la r\u00e9gion ainsi que dans l&rsquo;abbatiale Saint-Ouen \u00e0 Rouen. Vous pouvez \u00e9galement suivre cet op\u00e9ra sur les r\u00e9seaux sociaux de l\u2019op\u00e9ra de Rouen Normandie et de France 3 Normandie.<\/p>\n<p><a href=\"https:\/\/youtu.be\/-xr-kV9GSpE?si=PXG8E7ZOrxLzaq_N\" target=\"_blank\" rel=\"noopener nofollow\">Le ch\u0153ur est tr\u00e8s pr\u00e9sent lors des deux premiers actes<\/a>. Il repr\u00e9sente le monde de la f\u00eate, de la frivolit\u00e9, du jeu social. C\u2019est notamment l\u2019air des gitanes qui est tr\u00e8s c\u00e9l\u00e8bre, il a beaucoup \u00e9t\u00e9 utilis\u00e9 dans des publicit\u00e9s.<\/p>\n<p>Les airs deviennent de plus en plus lyriques et dramatiques au fil de l\u2019histoire. En trois actes, les spectateurs suivent le destin de Violetta, une courtisane qui a toute sa place dans les f\u00eates, mais beaucoup moins au sein de la soci\u00e9t\u00e9 bourgeoise.\u00a0<\/p>\n<p>Coproduction de la captation Camera Lucida productions, France T\u00e9l\u00e9visions, Op\u00e9ra Orchestre Normandie Rouen Une op\u00e9ration en partenariat avec la R\u00e9gion Normandie, France 3 Normandie, NOE cin\u00e9mas, le D\u00e9partement de la Seine-Maritime et tous les lieux de diffusion.<\/p>\n<p>Cr\u00e9dit Agricole Normandie Seine est grand m\u00e9c\u00e8ne d\u2019Op\u00e9ra en direct pour soutenir la pr\u00e9sence de l\u2019Op\u00e9ra Orchestre Normandie Rouen sur l\u2019ensemble du territoire.\u00a0<\/p>\n<p>La Traviata, Giuseppe Verdi<br \/>Mise en sc\u00e8ne Jean-Fran\u00e7ois Sivadier<br \/>Reprise mise en sc\u00e8ne Rachid Zanouda<br \/>Production d\u00e9l\u00e9gu\u00e9e de la reprise Op\u00e9ra national de Lorraine Coproduction Op\u00e9ra Orchestre Normandie Rouen Coproduction initiale Festival International d\u2019Art Lyrique d\u2019Aix-en-Provence, Wiener Staatsoper, Op\u00e9ra de Dijon, Th\u00e9\u00e2tre de Caen<\/p>\n","protected":false},"excerpt":{"rendered":"C\u2019est l\u2019un des op\u00e9ras les plus jou\u00e9s au monde ! La Traviata de Verdi nous raconte le destin&hellip;\n","protected":false},"author":2,"featured_media":438851,"comment_status":"","ping_status":"","sticky":false,"template":"","format":"standard","meta":{"footnotes":""},"categories":[9587],"tags":[1111,11,1777,674,1011,27,12,5161,25,9590],"class_list":{"0":"post-438850","1":"post","2":"type-post","3":"status-publish","4":"format-standard","5":"has-post-thumbnail","7":"category-rouen","8":"tag-actu","9":"tag-actualites","10":"tag-eu","11":"tag-europe","12":"tag-fr","13":"tag-france","14":"tag-news","15":"tag-normandie","16":"tag-republique-francaise","17":"tag-rouen"},"share_on_mastodon":{"url":"https:\/\/pubeurope.com\/@fr\/115316498307156119","error":""},"_links":{"self":[{"href":"https:\/\/www.europesays.com\/fr\/wp-json\/wp\/v2\/posts\/438850","targetHints":{"allow":["GET"]}}],"collection":[{"href":"https:\/\/www.europesays.com\/fr\/wp-json\/wp\/v2\/posts"}],"about":[{"href":"https:\/\/www.europesays.com\/fr\/wp-json\/wp\/v2\/types\/post"}],"author":[{"embeddable":true,"href":"https:\/\/www.europesays.com\/fr\/wp-json\/wp\/v2\/users\/2"}],"replies":[{"embeddable":true,"href":"https:\/\/www.europesays.com\/fr\/wp-json\/wp\/v2\/comments?post=438850"}],"version-history":[{"count":0,"href":"https:\/\/www.europesays.com\/fr\/wp-json\/wp\/v2\/posts\/438850\/revisions"}],"wp:featuredmedia":[{"embeddable":true,"href":"https:\/\/www.europesays.com\/fr\/wp-json\/wp\/v2\/media\/438851"}],"wp:attachment":[{"href":"https:\/\/www.europesays.com\/fr\/wp-json\/wp\/v2\/media?parent=438850"}],"wp:term":[{"taxonomy":"category","embeddable":true,"href":"https:\/\/www.europesays.com\/fr\/wp-json\/wp\/v2\/categories?post=438850"},{"taxonomy":"post_tag","embeddable":true,"href":"https:\/\/www.europesays.com\/fr\/wp-json\/wp\/v2\/tags?post=438850"}],"curies":[{"name":"wp","href":"https:\/\/api.w.org\/{rel}","templated":true}]}}