{"id":438856,"date":"2025-10-04T15:07:12","date_gmt":"2025-10-04T15:07:12","guid":{"rendered":"https:\/\/www.europesays.com\/fr\/438856\/"},"modified":"2025-10-04T15:07:12","modified_gmt":"2025-10-04T15:07:12","slug":"strasbourg-valser-dans-une-eglise-ce-sera-possible-des-lundi-a-saint-guillaume","status":"publish","type":"post","link":"https:\/\/www.europesays.com\/fr\/438856\/","title":{"rendered":"Strasbourg. Valser dans une \u00e9glise\u00a0? Ce sera possible d\u00e8s lundi \u00e0 Saint-Guillaume"},"content":{"rendered":"<p>Vous chantiez\u00a0? Eh bien, dansez maintenant\u00a0! C\u2019est sans doute ce que se sont dit les responsables de <a href=\"https:\/\/www.passions-croisees.com\/\" target=\"_blank\" rel=\"nofollow noopener\">Passions crois\u00e9es<\/a> , qui apr\u00e8s avoir explor\u00e9, en plus de la musique et du chant lyrique, les arts du cirque, la haute couture, la peinture, la gastronomie ou le yoga (entre autres), ont d\u00e9cid\u00e9 de proposer des cours de danse dans l\u2019\u00e9glise\u00a0; de valse et de danses latines en ligne, en l\u2019occurrence.<\/p>\n<p>\u00c9tonnant\u00a0? Pas vraiment, quand on sait que le 17\u00a0janvier, Saint-Guillaume y proposera son premier \u201cGrand bal viennois\u201d. \u00ab\u00a0Organis\u00e9 en partenariat avec la Ville de Vienne et le minist\u00e8re des Affaires \u00e9trang\u00e8res autrichien, il est port\u00e9 par la repr\u00e9sentation permanente de l\u2019Autriche aupr\u00e8s du Conseil de l\u2019Europe et l\u2019ambassadrice Aloisia W\u00f6rgetter\u00a0\u00bb, pr\u00e9cise Cyril Pallaud, qui y voit <a href=\"https:\/\/www.dna.fr\/magazine-tourisme-et-patrimoine\/2025\/03\/31\/visiter-vienne-au-rythme-du-compositeur-autrichien-johann-strauss-fils\" target=\"_blank\" rel=\"nofollow noopener\">\u00ab\u00a0une occasion de mieux faire conna\u00eetre la valse viennoise, class\u00e9e au patrimoine culturel immat\u00e9riel de l\u2019humanit\u00e9 depuis 2017\u00a0\u00bb.<\/a><\/p>\n<p>  Des cours tous les lundis pour apprendre \u00e0 valser<\/p>\n<p>Comme valser sur le parquet de Saint-Guillaume ne s\u2019improvise pas et qu\u2019ici on aime faire les choses en grand, un orchestre symphonique donnera la mesure en tribune et l\u2019id\u00e9e de proposer des cours de danse en amont s\u2019est impos\u00e9e. <a href=\"https:\/\/www.dna.fr\/culture-loisirs\/2025\/06\/19\/bal-du-club-de-danse-d-eschau-gpso\" target=\"_blank\" rel=\"nofollow noopener\">Pour les encadrer, Passions crois\u00e9es s\u2019est tourn\u00e9 vers le club de danse d\u2019Eschau.<\/a> D\u00e8s le 6\u00a0octobre, tous lundis de 20\u00a0h\u00a015 \u00e0 21\u00a0h\u00a045 dans la nef, \u00e0 raison de dix cours d\u2019ici le 12\u00a0janvier, Bernard Burgwal, professeur \u00e0 Eschau, initiera les quidams \u00e0 l\u2019embl\u00e9matique danse \u00e0 trois temps, moyennant 15\u00a0\u20ac la s\u00e9ance. De quoi s\u2019assurer de virevolter avec gr\u00e2ce et style en janvier.<\/p>\n<p>Authentique bal viennois oblige, celui donn\u00e9 \u00e0 Saint-Guillaume s\u2019ouvrira avec 50 d\u00e9butants et d\u00e9butantes issus de quatre lyc\u00e9es strasbourgeois partenaires\u00a0: les Pontonniers, Saint-Etienne, Sturm et l\u2019\u00c9cole europ\u00e9enne. \u00ab\u00a0Les \u00e9l\u00e8ves (tous en terminale) r\u00e9p\u00e9teront eux aussi tous les lundis \u00e0 18\u00a0h\u00a030 dans la nef, d\u2019octobre \u00e0 janvier, pour pr\u00e9parer la polonaise d\u2019ouverture et le quadrille qui cl\u00f4turera le bal \u00e0 minuit\u00a0\u00bb, explique-t-il. Pour parfaire le tableau, le jour J, les d\u00e9butantes seront coiff\u00e9es d\u2019un chignon en partenariat avec la corporation des coiffeurs et un partenaire est recherch\u00e9 pour les robes de soir\u00e9e.<\/p>\n<p>Les r\u00e9servations pour le bal du Nouvel An sont d\u00e9j\u00e0 ouvertes via le site de Passions crois\u00e9es (48\u00a0euros par personne, 96\u00a0euros avec une place \u00e0 table). Les inscriptions aux cours se font sur le site du club de danse d\u2019Eschau ( <a href=\"https:\/\/www.eschaudanse.fr\/events\/inscription-valse-viennoise\/\" target=\"_blank\" rel=\"nofollow noopener\">www.eschaudanse.fr<\/a> ).<\/p>\n<p>  Salsa et yoga<\/p>\n<p>N\u2019allez pas croire qu\u2019il n\u2019y en aura plus que pour la valse \u00e0 Saint-Guillaume\u00a0! \u00c0 compter du mardi 14\u00a0octobre, Sylvie Klauth, professeure et danseuse exp\u00e9riment\u00e9e, y dispensera \u00e9galement des cours de danses latines en ligne, chaque semaine \u00e0 19\u00a0h. Pas besoin de cavalier pour cet atelier, propos\u00e9 \u00e0 l\u2019ann\u00e9e moyennant 300\u00a0euros les 30 s\u00e9ances <a href=\"https:\/\/www.helloasso.com\/associations\/passions-croisees\/evenements\/danse-latine-line-dance-a-saint-guillaume\" target=\"_blank\" rel=\"nofollow noopener\">(inscriptions via helloasso<\/a>)<\/p>\n<p>Et comme les activit\u00e9s physiques ont d\u00e9cid\u00e9ment le vent en poupe \u00e0 l\u2019\u00e9glise des bateliers, <a href=\"https:\/\/www.dna.fr\/culture-loisirs\/2025\/08\/09\/apres-l-opera-bientot-des-cours-de-yoga-a-l-eglise-saint-guillaume\" target=\"_blank\" rel=\"nofollow noopener\">le cours de yoga de Lise Paquet avec vue panoramique sur la nef, lanc\u00e9 \u00e0 la rentr\u00e9e dans le grand salon Schweitzer, va \u00eatre dupliqu\u00e9\u00a0!<\/a> \u00ab\u00a0Le premier cours \u00e9tant complet, nous avons d\u00e9cid\u00e9 d\u2019en ouvrir un second, le mardi \u00e0 11\u00a0h\u00a0\u00bb, explique Cyril Pallaud, heureux de voir dans ces trois nouvelles activit\u00e9s une mani\u00e8re de diversifier le public et de faire d\u00e9couvrir Saint-Guillaume au-del\u00e0 du c\u0153ur de cible habituel.<\/p>\n<p>Une \u201cmarque de fabrique\u201d qui sera encore sensible ce dimanche 5\u00a0octobre en cl\u00f4ture des Biblioth\u00e8ques id\u00e9ales, avec une double affiche \u00e9clectique, m\u00ealant cabaret berlinois et drag show, \u00e0 18\u00a0h (mais cette s\u00e9ance est compl\u00e8te) et 20\u00a0h\u00a045.<\/p>\n<p class=\"note\">\u00c9glise Saint-Guillaume, 1 rue Munch \u00e0 Strasbourg. R\u00e9servations\u00a0: www.passions-croisees.com<\/p>\n","protected":false},"excerpt":{"rendered":"Vous chantiez\u00a0? Eh bien, dansez maintenant\u00a0! C\u2019est sans doute ce que se sont dit les responsables de Passions&hellip;\n","protected":false},"author":2,"featured_media":438857,"comment_status":"","ping_status":"","sticky":false,"template":"","format":"standard","meta":{"footnotes":""},"categories":[2820],"tags":[1111,11,1687,2880,1777,674,107,1011,27,775,873,12,2661,4043,25,953,640,2879],"class_list":{"0":"post-438856","1":"post","2":"type-post","3":"status-publish","4":"format-standard","5":"has-post-thumbnail","7":"category-strasbourg","8":"tag-actu","9":"tag-actualites","10":"tag-culture-loisirs","11":"tag-edition-strasbourg","12":"tag-eu","13":"tag-europe","14":"tag-fil-info","15":"tag-fr","16":"tag-france","17":"tag-grand-est","18":"tag-musique","19":"tag-news","20":"tag-patrimoine-culturel","21":"tag-repas-et-the-dansant","22":"tag-republique-francaise","23":"tag-soiree","24":"tag-strasbourg","25":"tag-strasbourg-ville"},"share_on_mastodon":{"url":"https:\/\/pubeurope.com\/@fr\/115316525935686482","error":""},"_links":{"self":[{"href":"https:\/\/www.europesays.com\/fr\/wp-json\/wp\/v2\/posts\/438856","targetHints":{"allow":["GET"]}}],"collection":[{"href":"https:\/\/www.europesays.com\/fr\/wp-json\/wp\/v2\/posts"}],"about":[{"href":"https:\/\/www.europesays.com\/fr\/wp-json\/wp\/v2\/types\/post"}],"author":[{"embeddable":true,"href":"https:\/\/www.europesays.com\/fr\/wp-json\/wp\/v2\/users\/2"}],"replies":[{"embeddable":true,"href":"https:\/\/www.europesays.com\/fr\/wp-json\/wp\/v2\/comments?post=438856"}],"version-history":[{"count":0,"href":"https:\/\/www.europesays.com\/fr\/wp-json\/wp\/v2\/posts\/438856\/revisions"}],"wp:featuredmedia":[{"embeddable":true,"href":"https:\/\/www.europesays.com\/fr\/wp-json\/wp\/v2\/media\/438857"}],"wp:attachment":[{"href":"https:\/\/www.europesays.com\/fr\/wp-json\/wp\/v2\/media?parent=438856"}],"wp:term":[{"taxonomy":"category","embeddable":true,"href":"https:\/\/www.europesays.com\/fr\/wp-json\/wp\/v2\/categories?post=438856"},{"taxonomy":"post_tag","embeddable":true,"href":"https:\/\/www.europesays.com\/fr\/wp-json\/wp\/v2\/tags?post=438856"}],"curies":[{"name":"wp","href":"https:\/\/api.w.org\/{rel}","templated":true}]}}