{"id":438864,"date":"2025-10-04T15:14:18","date_gmt":"2025-10-04T15:14:18","guid":{"rendered":"https:\/\/www.europesays.com\/fr\/438864\/"},"modified":"2025-10-04T15:14:18","modified_gmt":"2025-10-04T15:14:18","slug":"brest-nantes-le-groupe-du-stade-brestois-sans-del-castillo-ni-labeau-lascary","status":"publish","type":"post","link":"https:\/\/www.europesays.com\/fr\/438864\/","title":{"rendered":"Brest &#8211; Nantes\u00a0: le groupe du Stade Brestois, sans Del Castillo ni Labeau-Lascary"},"content":{"rendered":"<p>Ligue 1 (7e journ\u00e9e). Stade Brestois &#8211; FC Nantes, ce samedi 4 octobre 2025 (19 h)<\/p>\n<p>Les Brestois priv\u00e9s d\u2019\u00e9l\u00e9ments cl\u00e9s pour recevoir le FC Nantes. Trois heures avant la rencontre de la 7e journ\u00e9e de Ligue 1, le Stade Brestois a d\u00e9voil\u00e9 son groupe. Si l\u2019absence de R\u00e9my Labeau-Lascary, souffrant d\u2019une luxation au coude et \u00e9cart\u00e9 des terrains pour plusieurs semaines, ne surprend pas, celle de Romain Del Castillo sonne comme une mauvaise nouvelle.<\/p>\n<p>Le meneur de l\u2019attaque brestoise, <a href=\"https:\/\/www.letelegramme.fr\/sports\/football\/stade-brestois\/brest-nantes-une-gene-musculaire-ressentie-par-romain-del-castillo-a-lentrainement-6901617.php\" target=\"_blank\" rel=\"noopener\">qui a ressenti une g\u00eane musculaire,<\/a> apr\u00e8s le match contre Angers et ne fait pas partie du groupe pour affronter les Canaris. En son absence, le jeune Dina Ebimbe est pressenti pour d\u00e9marrer la rencontre.<\/p>\n<p>Trois attaquants de m\u00e9tier seulement<\/p>\n<p>De son c\u00f4t\u00e9, la recrue Lucas Tousart n\u2019est toujours pas remis et attendra pour faire ses d\u00e9buts sous le maillot brestois. L\u2019ancien Lyonnais <a href=\"https:\/\/www.letelegramme.fr\/sports\/football\/stade-brestois\/brest-paris-fc-il-va-falloir-etre-patient-touche-a-la-cuisse-lucas-tousart-forfait-6888015.php\" target=\"_blank\" rel=\"noopener\">est encore touch\u00e9 \u00e0 la cuisse<\/a>, tout comme Mama Bald\u00e9. L\u2019attaque brestoise se pr\u00e9sente donc avec seulement trois sp\u00e9cialistes du poste : Ludovic Ajorque, Saliou Diop et Path\u00e9 Mboup.<\/p>\n<p class=\"titre-tech\">Le groupe brestois<\/p>\n<p>Couder, Majecki &#8211; Chardonnet, Diaz, Guindo, Le Cardinal, Le Guen, Locko, Zogbe &#8211; Chotard, Dina Ebimbe, Doumbia, Magnetti, Makalou, Kante &#8211; Ajorque, Diop, Mboup<\/p>\n","protected":false},"excerpt":{"rendered":"Ligue 1 (7e journ\u00e9e). Stade Brestois &#8211; FC Nantes, ce samedi 4 octobre 2025 (19 h) Les Brestois&hellip;\n","protected":false},"author":2,"featured_media":438865,"comment_status":"","ping_status":"","sticky":false,"template":"","format":"standard","meta":{"footnotes":""},"categories":[2818],"tags":[1111,11,3450,3166,1777,674,63,1011,27,66,766,12,2636,25,60,4449],"class_list":{"0":"post-438864","1":"post","2":"type-post","3":"status-publish","4":"format-standard","5":"has-post-thumbnail","7":"category-nantes","8":"tag-actu","9":"tag-actualites","10":"tag-brest","11":"tag-en-continu-sports","12":"tag-eu","13":"tag-europe","14":"tag-football","15":"tag-fr","16":"tag-france","17":"tag-ligue-1","18":"tag-nantes","19":"tag-news","20":"tag-pays-de-la-loire","21":"tag-republique-francaise","22":"tag-sports","23":"tag-stade-brestois"},"share_on_mastodon":{"url":"https:\/\/pubeurope.com\/@fr\/115316553422351932","error":""},"_links":{"self":[{"href":"https:\/\/www.europesays.com\/fr\/wp-json\/wp\/v2\/posts\/438864","targetHints":{"allow":["GET"]}}],"collection":[{"href":"https:\/\/www.europesays.com\/fr\/wp-json\/wp\/v2\/posts"}],"about":[{"href":"https:\/\/www.europesays.com\/fr\/wp-json\/wp\/v2\/types\/post"}],"author":[{"embeddable":true,"href":"https:\/\/www.europesays.com\/fr\/wp-json\/wp\/v2\/users\/2"}],"replies":[{"embeddable":true,"href":"https:\/\/www.europesays.com\/fr\/wp-json\/wp\/v2\/comments?post=438864"}],"version-history":[{"count":0,"href":"https:\/\/www.europesays.com\/fr\/wp-json\/wp\/v2\/posts\/438864\/revisions"}],"wp:featuredmedia":[{"embeddable":true,"href":"https:\/\/www.europesays.com\/fr\/wp-json\/wp\/v2\/media\/438865"}],"wp:attachment":[{"href":"https:\/\/www.europesays.com\/fr\/wp-json\/wp\/v2\/media?parent=438864"}],"wp:term":[{"taxonomy":"category","embeddable":true,"href":"https:\/\/www.europesays.com\/fr\/wp-json\/wp\/v2\/categories?post=438864"},{"taxonomy":"post_tag","embeddable":true,"href":"https:\/\/www.europesays.com\/fr\/wp-json\/wp\/v2\/tags?post=438864"}],"curies":[{"name":"wp","href":"https:\/\/api.w.org\/{rel}","templated":true}]}}