{"id":438866,"date":"2025-10-04T15:15:27","date_gmt":"2025-10-04T15:15:27","guid":{"rendered":"https:\/\/www.europesays.com\/fr\/438866\/"},"modified":"2025-10-04T15:15:27","modified_gmt":"2025-10-04T15:15:27","slug":"temperatures-vent-records-quelle-meteo-a-bordeaux-en-octobre-ce-que-disent-les-modeles","status":"publish","type":"post","link":"https:\/\/www.europesays.com\/fr\/438866\/","title":{"rendered":"Temp\u00e9ratures, vent, records\u2026 Quelle m\u00e9t\u00e9o \u00e0 Bordeaux en octobre\u00a0? Ce que disent les mod\u00e8les"},"content":{"rendered":"<p>            Par<br \/>\n        <strong><br \/>\n            <a href=\"https:\/\/actu.fr\/auteur\/redaction-bordeaux\" title=\"Consulter tous les articles de R\u00e9daction Bordeaux\" target=\"_blank\" rel=\"noopener\">R\u00e9daction Bordeaux<\/a><br \/>\n        <\/strong><\/p>\n<p>        Publi\u00e9 le<\/p>\n<p>            4 oct. 2025 \u00e0 6h56        <\/p>\n<p>Le calme, c\u2019est termin\u00e9. La m\u00e9t\u00e9o redevient perturb\u00e9e ce samedi 4 octobre 2025 par le nord-ouest de la France. En cause, une d\u00e9pression nomm\u00e9e Amy sur les restes de l\u2019ouragan <a href=\"https:\/\/actu.fr\/societe\/une-bombe-meteo-l-ouragan-humberto-va-provoquer-une-tempete-majeure-en-europe-ce-week-end_63239341.html\" target=\"_blank\" rel=\"noopener\">Humberto<\/a>.\u00a0<\/p>\n<p class=\" wall-content\">En octobre 2025, <a href=\"https:\/\/actu.fr\/bordeaux\/\" target=\"_blank\" rel=\"noopener\">Bordeaux <\/a>(Gironde) pourrait voir une alternance marqu\u00e9e entre des p\u00e9riodes de temps sec et doux, et des \u00e9pisodes plus instables. \u00ab\u00a0Les mod\u00e8les m\u00e9t\u00e9o voient une alternance entre des jours de douceur automnale et quelques passages pluvieux plus intenses, principalement vers la fin du mois\u00a0\u00bb, anticipe Yann Amice, m\u00e9t\u00e9orologue \u00e0 Stream4Weather.<\/p>\n<p>Une d\u00e9pression nomm\u00e9e Amy en vue<\/p>\n<p class=\" wall-content\">Apr\u00e8s les restes de l\u2019ouragan Humberto en d\u00e9but de mois, les pr\u00e9visions \u00e0 cette \u00e9ch\u00e9ance estiment qu\u2019\u00e0 partir de la mi-octobre, un blocage anticyclonique sur l\u2019Atlantique Nord pourrait instaurer une p\u00e9riode plus stable et s\u00e8che \u00e0 Bordeaux.\u00a0<\/p>\n<blockquote class=\"ac-article-quote wall-content\">\n<p>Les mod\u00e8les m\u00e9t\u00e9o voient une alternance entre des jours de douceur automnale et quelques passages pluvieux plus intenses, principalement vers la fin du mois<\/p>\n<p>    <strong>Yann Amice<\/strong><br \/>\n        m\u00e9t\u00e9orologue \u00e0 Stream4Weather    <\/p><\/blockquote>\n<p class=\" wall-content\">Les temp\u00e9ratures seraient alors plus \u00e9lev\u00e9es que la moyenne saisonni\u00e8re, offrant des journ\u00e9es agr\u00e9ablement douces. Mais la fin octobre elle pourrait voir le retour de conditions plus instables, avec un risque accru d\u2019\u00e9pisodes pluvieux, surtout en lien avec des\u00a0d\u00e9bordements instables sur la M\u00e9diterran\u00e9e.<\/p>\n<p>C\u2019est quoi un mois d\u2019octobre \u00ab\u00a0normal\u00a0\u00bb \u00e0 Bordeaux\u00a0?<\/p>\n<p class=\" wall-content\">En octobre, \u00e0 Bordeaux, les temp\u00e9ratures moyennes tournent autour de 15,1\u00b0C, avec des maximales atteignant g\u00e9n\u00e9ralement 19,8\u00b0C lors des journ\u00e9es les plus chaudes, tandis que les nuits peuvent \u00eatre fra\u00eeches.\u00a0<\/p>\n<p>Votre r\u00e9gion, votre actu !<\/p>\n<p>Recevez chaque jour les infos qui comptent pour vous.<\/p>\n<p>\t<a href=\"https:\/\/actu.fr\/newsletter\" class=\"ac-btn ac-btn--corner ac-btn--medium ac-btn--blue800\" target=\"_blank\" rel=\"noopener\">S&rsquo;incrire<\/a><\/p>\n<p class=\" wall-content\">La temp\u00e9rature la nuit \u00e0 Bordeaux, en moyenne, en octobre, est de 10,5\u00b0C. Cependant, le climat bordelais a d\u00e9j\u00e0 connu des extr\u00eames, comme le 1er octobre 2023 o\u00f9 le thermom\u00e8tre a grimp\u00e9 jusqu\u2019\u00e0 33,2\u00b0C, ou encore le 8 octobre 1936, lorsque le record de froid a \u00e9t\u00e9 \u00e9tabli \u00e0 -3,9\u00b0C.<\/p>\n<p>Quelles moyennes de pr\u00e9cipitations \u00e0 Bordeaux<\/p>\n<p class=\" wall-content\">C\u00f4t\u00e9 pr\u00e9cipitations, le mois d\u2019octobre enregistre en moyenne 79,1 millim\u00e8tres de pluie r\u00e9partis sur environ 11 jours de pr\u00e9cipitations significatives. G\u00e9n\u00e9ralement, les vents soufflent mod\u00e9r\u00e9ment, contribuant \u00e0 l\u2019agr\u00e9able sensation de fra\u00eecheur automnale.\u00a0<\/p>\n<p class=\" wall-content\">En somme, octobre est un mois de transition \u00e0 Bordeaux, o\u00f9 le climat peut se montrer aussi bien cl\u00e9ment que capricieux, en fonction des al\u00e9as atmosph\u00e9riques.<\/p>\n<p>La m\u00e9t\u00e9o au jour le jour en Nouvelle Aquitaine<\/p>\n<p class=\" wall-content\">Pour suivre la m\u00e9t\u00e9o au jour le jour \u00e0 Bordeaux, c\u2019est ici : <a href=\"https:\/\/actu.fr\/meteo\/nouvelle-aquitaine\/bordeaux_33063\" target=\"_blank\" rel=\"noopener\">M\u00e9t\u00e9o Nouvelle Aquitaine<\/a><br \/>Vous y trouverez, avec les donn\u00e9es compil\u00e9es par Stream4Weather, les temp\u00e9ratures maximales et minimales les plus extr\u00eames enregistr\u00e9es \u00e0 Bordeaux durant les derni\u00e8res 24 heures, ainsi que les cumuls de pluie et les plus fortes rafales de vent.<\/p>\n<p class=\" wall-content\">Vous y trouverez aussi ces \u00ab moyennes \u00bb \u00e0 Bordeaux. La r\u00e9f\u00e9rence de ces indicateurs est calcul\u00e9e sur un historique de 30 ans, sur la p\u00e9riode 1991-2020 : combien a-t-il plu, \u00ab en moyenne \u00bb durant ce mois \u00e0 Bordeaux, combien d\u2019heures d\u2019ensoleillement, etc.<\/p>\n<p class=\" wall-content\">Vous trouverez aussi les records (de chaleur, de froid, de pluie, de vent), cette fois sur une p\u00e9riode actualis\u00e9e au jour le jour, donc sur la p\u00e9riode 1991-2025.<\/p>\n<p class=\" wall-content\">Personnalisez votre actualit\u00e9 en ajoutant vos villes et m\u00e9dias en favori avec <a href=\"https:\/\/moncompte.actu.fr\" title=\"D\u00e9couvez Mon Actu\" rel=\"nofollow noopener\" data-trk=\"{&quot;cta&quot;:{&quot;action&quot;:&quot;https:\\\/\\\/moncompte.actu.fr&quot;,&quot;category&quot;:&quot;mon compte&quot;,&quot;from&quot;:&quot;article footer&quot;,&quot;name&quot;:&quot;Mon actu&quot;,&quot;type&quot;:&quot;cta&quot;}}\" target=\"_blank\">Mon Actu<\/a>.<\/p>\n","protected":false},"excerpt":{"rendered":"Par R\u00e9daction Bordeaux Publi\u00e9 le 4 oct. 2025 \u00e0 6h56 Le calme, c\u2019est termin\u00e9. La m\u00e9t\u00e9o redevient perturb\u00e9e&hellip;\n","protected":false},"author":2,"featured_media":438867,"comment_status":"","ping_status":"","sticky":false,"template":"","format":"standard","meta":{"footnotes":""},"categories":[2817],"tags":[1111,11,1997,1777,674,1011,27,3059,2487,12,2219,25],"class_list":{"0":"post-438866","1":"post","2":"type-post","3":"status-publish","4":"format-standard","5":"has-post-thumbnail","7":"category-bordeaux","8":"tag-actu","9":"tag-actualites","10":"tag-bordeaux","11":"tag-eu","12":"tag-europe","13":"tag-fr","14":"tag-france","15":"tag-intemperies","16":"tag-meteo","17":"tag-news","18":"tag-nouvelle-aquitaine","19":"tag-republique-francaise"},"share_on_mastodon":{"url":"https:\/\/pubeurope.com\/@fr\/115316557328913953","error":""},"_links":{"self":[{"href":"https:\/\/www.europesays.com\/fr\/wp-json\/wp\/v2\/posts\/438866","targetHints":{"allow":["GET"]}}],"collection":[{"href":"https:\/\/www.europesays.com\/fr\/wp-json\/wp\/v2\/posts"}],"about":[{"href":"https:\/\/www.europesays.com\/fr\/wp-json\/wp\/v2\/types\/post"}],"author":[{"embeddable":true,"href":"https:\/\/www.europesays.com\/fr\/wp-json\/wp\/v2\/users\/2"}],"replies":[{"embeddable":true,"href":"https:\/\/www.europesays.com\/fr\/wp-json\/wp\/v2\/comments?post=438866"}],"version-history":[{"count":0,"href":"https:\/\/www.europesays.com\/fr\/wp-json\/wp\/v2\/posts\/438866\/revisions"}],"wp:featuredmedia":[{"embeddable":true,"href":"https:\/\/www.europesays.com\/fr\/wp-json\/wp\/v2\/media\/438867"}],"wp:attachment":[{"href":"https:\/\/www.europesays.com\/fr\/wp-json\/wp\/v2\/media?parent=438866"}],"wp:term":[{"taxonomy":"category","embeddable":true,"href":"https:\/\/www.europesays.com\/fr\/wp-json\/wp\/v2\/categories?post=438866"},{"taxonomy":"post_tag","embeddable":true,"href":"https:\/\/www.europesays.com\/fr\/wp-json\/wp\/v2\/tags?post=438866"}],"curies":[{"name":"wp","href":"https:\/\/api.w.org\/{rel}","templated":true}]}}